{"id":284085,"date":"2026-08-31T08:27:27","date_gmt":"2026-08-31T08:27:27","guid":{"rendered":"https:\/\/www.europesays.com\/ch-fr\/284085\/"},"modified":"2026-08-31T08:27:27","modified_gmt":"2026-08-31T08:27:27","slug":"composition-du-match-young-boys-fc-basel-2","status":"publish","type":"post","link":"https:\/\/www.europesays.com\/ch-fr\/284085\/","title":{"rendered":"Composition du match Young Boys \u2013 FC Basel"},"content":{"rendered":"<p>Retrouvez sur cette page la composition du match Young Boys \u2013 FC Basel en Super League suisse comptant pour Tour 5 &#8211; Match aller, le samedi 29-08-2026, ainsi que les rempla\u00e7ants et les joueurs absents. Young Boys \u00e9volue en 4-4-1-1 sous la conduite de Benito tandis que FC Basel se pr\u00e9sente en 4-3-3 sous la conduite de Daniliuc. Young Boys est dirig\u00e9 par Gerardo Seoane, FC Basel par Stephan Lichtsteiner. La rencontre se d\u00e9roule au stade Wankdorfstadion.<\/p>\n","protected":false},"excerpt":{"rendered":"Retrouvez sur cette page la composition du match Young Boys \u2013 FC Basel en Super League suisse comptant&hellip;\n","protected":false},"author":2,"featured_media":284086,"comment_status":"","ping_status":"","sticky":false,"template":"","format":"standard","meta":{"footnotes":"","_share_on_mastodon":"0"},"categories":[18],"tags":[175,176,32988,32987,32985,32835,32986,32834,32993,182,32991,32989,32990,23,32833,32992],"class_list":["post-284085","post","type-post","status-publish","format-standard","has-post-thumbnail","category-bale","tag-bale","tag-basel","tag-composition-de-fc-basel","tag-composition-de-young-boys","tag-composition-du-match-young-boys-fc-basel","tag-composition-match","tag-composition-young-boys-fc-basel","tag-compositions-super-league-suisse","tag-fc-basel-vs-young-boys","tag-football","tag-numeros-de-maillot-young-boys-vs-fc-basel","tag-onze-de-depart-young-boys-vs-fc-basel","tag-remplacants-young-boys-vs-fc-basel","tag-suisse","tag-super-league-suisse","tag-young-boys-vs-fc-basel"],"share_on_mastodon":{"url":"https:\/\/pubeurope.com\/@ch_fr\/117189177980866408","error":""},"_links":{"self":[{"href":"https:\/\/www.europesays.com\/ch-fr\/wp-json\/wp\/v2\/posts\/284085","targetHints":{"allow":["GET"]}}],"collection":[{"href":"https:\/\/www.europesays.com\/ch-fr\/wp-json\/wp\/v2\/posts"}],"about":[{"href":"https:\/\/www.europesays.com\/ch-fr\/wp-json\/wp\/v2\/types\/post"}],"author":[{"embeddable":true,"href":"https:\/\/www.europesays.com\/ch-fr\/wp-json\/wp\/v2\/users\/2"}],"replies":[{"embeddable":true,"href":"https:\/\/www.europesays.com\/ch-fr\/wp-json\/wp\/v2\/comments?post=284085"}],"version-history":[{"count":0,"href":"https:\/\/www.europesays.com\/ch-fr\/wp-json\/wp\/v2\/posts\/284085\/revisions"}],"wp:featuredmedia":[{"embeddable":true,"href":"https:\/\/www.europesays.com\/ch-fr\/wp-json\/wp\/v2\/media\/284086"}],"wp:attachment":[{"href":"https:\/\/www.europesays.com\/ch-fr\/wp-json\/wp\/v2\/media?parent=284085"}],"wp:term":[{"taxonomy":"category","embeddable":true,"href":"https:\/\/www.europesays.com\/ch-fr\/wp-json\/wp\/v2\/categories?post=284085"},{"taxonomy":"post_tag","embeddable":true,"href":"https:\/\/www.europesays.com\/ch-fr\/wp-json\/wp\/v2\/tags?post=284085"}],"curies":[{"name":"wp","href":"https:\/\/api.w.org\/{rel}","templated":true}]}}