{"id":284101,"date":"2026-08-31T08:38:13","date_gmt":"2026-08-31T08:38:13","guid":{"rendered":"https:\/\/www.europesays.com\/ch-fr\/284101\/"},"modified":"2026-08-31T08:38:13","modified_gmt":"2026-08-31T08:38:13","slug":"apple-pencil-sur-iphone-pliant-pourquoi-un-stylet-nequipera-pas-liphone-ultra-frandroid","status":"publish","type":"post","link":"https:\/\/www.europesays.com\/ch-fr\/284101\/","title":{"rendered":"Apple Pencil sur iPhone pliant : pourquoi un stylet n&rsquo;\u00e9quipera pas l&rsquo;iPhone Ultra \u2014 Frandroid"},"content":{"rendered":"<p>L\u2019iPhone Ultra aurait pu repr\u00e9senter une double r\u00e9volution pour Apple. Au-del\u00e0 de l\u2019aspect pliant de l\u2019appareil, la firme aurait bri\u00e8vement entretenu l\u2019id\u00e9e de livrer un stylet en accompagnement du t\u00e9l\u00e9phone.<\/p>\n<p><a rel=\"noopener nofollow\" target=\"_blank\" href=\"https:\/\/images.frandroid.com\/wp-content\/uploads\/2025\/12\/iphone-fold-frandroid-impression-3d.jpg\" class=\"article-content__figure\"><img fetchpriority=\"high\" decoding=\"async\" loading=\"eager\" width=\"1200\" height=\"675\" src=\"https:\/\/www.europesays.com\/ch-fr\/wp-content\/uploads\/2026\/08\/1788165493_430_iphone-fold-frandroid-impression-3d.jpg\" alt=\"\" class=\"wp-image-3010771 wp-image wp-image\"  \/><\/a>L\u2019iPhone Ultra aurait pu arriver avec un stylet \/\/ Cr\u00e9dit : Frandroid<\/p>\n<p>Lors de sa pr\u00e9sentation en 2007, l\u2019iPhone premier du nom a impos\u00e9 un nouveau style d\u2019\u00e9cran tactile \u00e0 toute l\u2019industrie. Adieu les vieux \u00e9crans r\u00e9sistifs et leurs stylets, il \u00e9tait temps de passer \u00e0 la saisie multi-touch sur un \u00e9cran capacitif bien plus r\u00e9actif. Pour marquer le coup, <a href=\"https:\/\/www.frandroid.com\/editoid\/465273_non-votre-smartphone-na-pas-besoin-dun-stylet\" rel=\"nofollow noopener\" target=\"_blank\">Steve Jobs avait m\u00eame longuement pest\u00e9 contre l\u2019utilisation des stylets<\/a>, affirmant qu\u2019ils \u00e9taient p\u00e9nibles \u00e0 utiliser et faciles \u00e0 perdre.<\/p>\n<p>Vingt ans plus tard, il semblerait qu\u2019Apple se soit un peu \u00e9loign\u00e9 de cette position tr\u00e8s tranch\u00e9e, puisque, <a href=\"https:\/\/www.bloomberg.com\/news\/newsletters\/2026-08-30\/john-ternus-management-team-apple-watch-series-12-foldable-iphone-apple-pencil-mtfvmdyu\" target=\"_blank\" rel=\"noreferrer noopener nofollow\">d\u2019apr\u00e8s Bloomberg<\/a>, la firme a travaill\u00e9 sur un stylet d\u00e9di\u00e9 \u00e0 <a href=\"https:\/\/www.frandroid.com\/marques\/apple\/2739977_iphone-pliant-design-ergonomie-puissance-tout-ce-que-lon-sait-pour-le-moment\" rel=\"nofollow noopener\" target=\"_blank\">l\u2019iPhone Ultra<\/a>. Un accessoire qui ne verra probablement jamais le jour cela dit.<\/p>\n<p>Un stylet contraignant\u00a0?<\/p>\n<p>S\u00fbr de son coup, le toujours tr\u00e8s bien inform\u00e9 Mark Gurman affirme que la firme a d\u00e9velopp\u00e9, test\u00e9 et imagin\u00e9 sortir un stylet d\u00e9di\u00e9 au futur t\u00e9l\u00e9phone pliable. Ce dernier aurait \u00e9t\u00e9 relativement similaire \u00e0 <a href=\"https:\/\/www.frandroid.com\/marques\/apple\/1980116_le-futur-stylet-apple-pencil-permettrait-de-tracer-sur-autre-chose-quun-ipad\" rel=\"nofollow noopener\" target=\"_blank\">l\u2019Apple Pencil vendu avec certains iPad<\/a>, \u00e0 la diff\u00e9rence qu\u2019il aurait \u00e9t\u00e9 plus court pour correspondre \u00e0 la hauteur un peu particuli\u00e8re de l\u2019iPhone Ultra. Autrement, il se serait recharg\u00e9 magn\u00e9tiquement en s\u2019accrochant \u00e0 la tranche de l\u2019appareil comme les autres accessoires de la marque.<\/p>\n<p>Petit probl\u00e8me, disposer son stylet d\u2019une telle mani\u00e8re aurait pu \u00eatre contraignant pour utiliser l\u2019appareil une fois referm\u00e9. Impossible de le saisir correctement avec un stylet flanqu\u00e9 sur le bord lat\u00e9ral du t\u00e9l\u00e9phone.<\/p>\n<p>Autre potentiel point noir\u00a0: l\u2019iPhone Ultra, comme le reste des t\u00e9l\u00e9phones pliables de chez Samsung et autres, va probablement utiliser un \u00e9cran int\u00e9rieur en plastique ou en verre ultra-fin. Or, <a href=\"https:\/\/www.frandroid.com\/comment-faire\/2727521_comment-entretenir-et-proteger-son-smartphone-pliable\" rel=\"nofollow noopener\" target=\"_blank\">ces composants sont tr\u00e8s fragiles<\/a> et peuvent se plier facilement en appuyant un peu trop fort avec un ongle. La pression d\u2019un stylet aurait donc pu facilement laisser des traces peu esth\u00e9tiques sur l\u2019\u00e9cran int\u00e9rieur.<\/p>\n<p>Partie remise\u00a0?<\/p>\n<p>S\u00fbrement que pour toutes ces raisons et quelques autres, Apple a donc abandonn\u00e9 l\u2019id\u00e9e de commercialiser un stylet pour accompagner l\u2019iPhone Ultra. M\u00eame si le d\u00e9dain de Steve Jobs en 2007 concernait surtout les appareils ne pouvant s\u2019utiliser qu\u2019avec un tel accessoire, cela aurait de toute fa\u00e7on sans doute fait mauvais genre de revenir symboliquement sur cette partie de l\u2019histoire d\u2019Apple.<\/p>\n<p class=\"shortcode-container see-more\">\n    Pour aller plus loin<br \/><a href=\"https:\/\/www.frandroid.com\/marques\/3223095_apple-promet-un-jour-nouveau-voici-la-date-dannonce-de-liphone-ultra-et-des-iphone-18-pro\" rel=\"nofollow noopener\" target=\"_blank\">Apple promet \u00ab un jour nouveau \u00bb pour sa keynote : voici la date d\u2019annonce de l\u2019iPhone Ultra (et des iPhone 18 Pro)<\/a>\n            <\/p>\n<p>Majoritairement utilis\u00e9 pour les travaux cr\u00e9atifs, l\u2019Apple Pencil aurait pu avoir toute sa place sur l\u2019iPhone Ultra qu\u2019Apple positionne clairement comme un petit iPad. Rien n\u2019emp\u00eache en soi l\u2019appareil d\u2019embarquer la compatibilit\u00e9 avec un tel accessoire et, pourquoi pas, d\u2019arriver avec dans une seconde it\u00e9ration, qui sait\u2009?<\/p>\n","protected":false},"excerpt":{"rendered":"L\u2019iPhone Ultra aurait pu repr\u00e9senter une double r\u00e9volution pour Apple. Au-del\u00e0 de l\u2019aspect pliant de l\u2019appareil, la firme&hellip;\n","protected":false},"author":2,"featured_media":284102,"comment_status":"","ping_status":"","sticky":false,"template":"","format":"standard","meta":{"footnotes":"","_share_on_mastodon":"0"},"categories":[7],"tags":[42251,29098,11469,61,57,59,58,23,60,62],"class_list":["post-284101","post","type-post","status-publish","format-standard","has-post-thumbnail","category-sciences-et-technologies","tag-apple-iphone-ultra-fold","tag-bloomberg","tag-mark-gurman","tag-science","tag-science-and-technology","tag-sciences","tag-sciences-et-technologies","tag-suisse","tag-technologies","tag-technology"],"share_on_mastodon":{"url":"https:\/\/pubeurope.com\/@ch_fr\/117189221480574638","error":""},"_links":{"self":[{"href":"https:\/\/www.europesays.com\/ch-fr\/wp-json\/wp\/v2\/posts\/284101","targetHints":{"allow":["GET"]}}],"collection":[{"href":"https:\/\/www.europesays.com\/ch-fr\/wp-json\/wp\/v2\/posts"}],"about":[{"href":"https:\/\/www.europesays.com\/ch-fr\/wp-json\/wp\/v2\/types\/post"}],"author":[{"embeddable":true,"href":"https:\/\/www.europesays.com\/ch-fr\/wp-json\/wp\/v2\/users\/2"}],"replies":[{"embeddable":true,"href":"https:\/\/www.europesays.com\/ch-fr\/wp-json\/wp\/v2\/comments?post=284101"}],"version-history":[{"count":0,"href":"https:\/\/www.europesays.com\/ch-fr\/wp-json\/wp\/v2\/posts\/284101\/revisions"}],"wp:featuredmedia":[{"embeddable":true,"href":"https:\/\/www.europesays.com\/ch-fr\/wp-json\/wp\/v2\/media\/284102"}],"wp:attachment":[{"href":"https:\/\/www.europesays.com\/ch-fr\/wp-json\/wp\/v2\/media?parent=284101"}],"wp:term":[{"taxonomy":"category","embeddable":true,"href":"https:\/\/www.europesays.com\/ch-fr\/wp-json\/wp\/v2\/categories?post=284101"},{"taxonomy":"post_tag","embeddable":true,"href":"https:\/\/www.europesays.com\/ch-fr\/wp-json\/wp\/v2\/tags?post=284101"}],"curies":[{"name":"wp","href":"https:\/\/api.w.org\/{rel}","templated":true}]}}