{"id":284109,"date":"2026-08-31T08:42:13","date_gmt":"2026-08-31T08:42:13","guid":{"rendered":"https:\/\/www.europesays.com\/ch-fr\/284109\/"},"modified":"2026-08-31T08:42:13","modified_gmt":"2026-08-31T08:42:13","slug":"groupe-e-baisse-ses-tarifs-delectricite-de-45-en-2027","status":"publish","type":"post","link":"https:\/\/www.europesays.com\/ch-fr\/284109\/","title":{"rendered":"Groupe E baisse ses tarifs d\u2019\u00e9lectricit\u00e9 de 4,5 % en 2027"},"content":{"rendered":"<p>La baisse des tarifs d\u2019\u00e9lectricit\u00e9 annonc\u00e9e ce lundi par Groupe E entrera en vigueur le 1er janvier 2027. Elle repr\u00e9sente une diminution moyenne de 4,5 %, li\u00e9e principalement au recul des co\u00fbts de l\u2019\u00e9nergie. Pour un m\u00e9nage vivant dans un appartement de cinq pi\u00e8ces et consommant 4&rsquo;500 kWh par an, la facture devrait diminuer de 36 francs par an. Le montant d\u00e9pendra toutefois de la consommation de chaque client, pr\u00e9cise Groupe E dans son communiqu\u00e9.<\/p>\n<p>Cette baisse des tarifs est li\u00e9e au recul des co\u00fbts de l\u2019\u00e9nergie (- 5,6%) qui contrebalance la hausse induite par la modernisation et le renforcement du r\u00e9seau \u00e9lectrique (+ 0.6%) et celle du tarif de mesure (+ 0.5%).<\/p>\n<p>Une nouvelle offre <\/p>\n<p>Groupe E remplacera \u00e9galement ses produits BASIC, PLUS et STAR par une nouvelle offre standard baptis\u00e9e REGIO. Majoritairement renouvelable, r\u00e9gionale et sans \u00e9missions de CO\u2082, elle variera selon la saison. Au printemps et en \u00e9t\u00e9, l\u2019\u00e9lectricit\u00e9 sera 100 % renouvelable, principalement hydraulique et solaire. En automne et en hiver, elle sera renouvelable jusqu\u2019\u00e0 deux tiers et compl\u00e9t\u00e9e par de l\u2019\u00e9nergie nucl\u00e9aire suisse.<\/p>\n<p>Les clients qui souhaitent disposer de 100 % d\u2019\u00e9lectricit\u00e9 renouvelable toute l\u2019ann\u00e9e pourront souscrire une option sp\u00e9cifique, si elle est disponible, pour 0,25 ct\/kWh suppl\u00e9mentaires.<\/p>\n<p>Groupe E maintient par ailleurs les plages de bas tarif de 12h \u00e0 17h et de 23h \u00e0 7h pour les clients ayant choisi le tarif double. Un simulateur sera aussi disponible dans l\u2019espace client en ligne pour estimer l\u2019impact des nouveaux tarifs sur sa facture. \/comm-mlm<\/p>\n","protected":false},"excerpt":{"rendered":"La baisse des tarifs d\u2019\u00e9lectricit\u00e9 annonc\u00e9e ce lundi par Groupe E entrera en vigueur le 1er janvier 2027.&hellip;\n","protected":false},"author":2,"featured_media":284110,"comment_status":"","ping_status":"","sticky":false,"template":"","format":"standard","meta":{"footnotes":"","_share_on_mastodon":"0"},"categories":[4],"tags":[22,121,124,128,119,122,123,118,136,132,131,133,130,21,135,120,126,117,125,114,115,116,23,129,127,134],"class_list":["post-284109","post","type-post","status-publish","format-standard","has-post-thumbnail","category-actualites","tag-actualites","tag-ajoie","tag-animation","tag-bienne","tag-delemont","tag-franches-montagnes","tag-frequence","tag-jura","tag-jura-bernois","tag-la-chaux-de-fonds","tag-moutier","tag-neuchatel","tag-neuveville","tag-news","tag-payerne","tag-porrentruy","tag-publicite","tag-radio","tag-redaction","tag-rfj","tag-rjb","tag-rtn","tag-suisse","tag-tavannes","tag-vallon-de-st-imier","tag-yverdon"],"share_on_mastodon":{"url":"https:\/\/pubeurope.com\/@ch_fr\/117189236722183228","error":""},"_links":{"self":[{"href":"https:\/\/www.europesays.com\/ch-fr\/wp-json\/wp\/v2\/posts\/284109","targetHints":{"allow":["GET"]}}],"collection":[{"href":"https:\/\/www.europesays.com\/ch-fr\/wp-json\/wp\/v2\/posts"}],"about":[{"href":"https:\/\/www.europesays.com\/ch-fr\/wp-json\/wp\/v2\/types\/post"}],"author":[{"embeddable":true,"href":"https:\/\/www.europesays.com\/ch-fr\/wp-json\/wp\/v2\/users\/2"}],"replies":[{"embeddable":true,"href":"https:\/\/www.europesays.com\/ch-fr\/wp-json\/wp\/v2\/comments?post=284109"}],"version-history":[{"count":0,"href":"https:\/\/www.europesays.com\/ch-fr\/wp-json\/wp\/v2\/posts\/284109\/revisions"}],"wp:featuredmedia":[{"embeddable":true,"href":"https:\/\/www.europesays.com\/ch-fr\/wp-json\/wp\/v2\/media\/284110"}],"wp:attachment":[{"href":"https:\/\/www.europesays.com\/ch-fr\/wp-json\/wp\/v2\/media?parent=284109"}],"wp:term":[{"taxonomy":"category","embeddable":true,"href":"https:\/\/www.europesays.com\/ch-fr\/wp-json\/wp\/v2\/categories?post=284109"},{"taxonomy":"post_tag","embeddable":true,"href":"https:\/\/www.europesays.com\/ch-fr\/wp-json\/wp\/v2\/tags?post=284109"}],"curies":[{"name":"wp","href":"https:\/\/api.w.org\/{rel}","templated":true}]}}