{"id":284115,"date":"2026-08-31T08:48:08","date_gmt":"2026-08-31T08:48:08","guid":{"rendered":"https:\/\/www.europesays.com\/ch-fr\/284115\/"},"modified":"2026-08-31T08:48:08","modified_gmt":"2026-08-31T08:48:08","slug":"pierre-arditi-donne-des-nouvelles-de-son-etat-de-sante-petit-a-petit-les-choses-seffacent","status":"publish","type":"post","link":"https:\/\/www.europesays.com\/ch-fr\/284115\/","title":{"rendered":"Pierre Arditi donne des nouvelles de son \u00e9tat de sant\u00e9\u00a0: \u00ab\u00a0Petit \u00e0 petit, les choses s&rsquo;effacent\u00a0\u00bb"},"content":{"rendered":"<p class=\"ap-StoryElement ap-StoryElement--mb ap-StoryText\">Nagui anime une nouvelle \u00e9mission sur France Inter, intitul\u00e9e \u00ab\u00a0Les ailes de g\u00e9ant\u00a0\u00bb. Ce samedi, pour le premier num\u00e9ro, il recevait Pierre Arditi. En effet, d\u00e8s le 24\u00a0septembre prochain, l&rsquo;acteur jouera dans la pi\u00e8ce \u00ab\u00a0Le P\u00e8re\u00a0\u00bb, au Th\u00e9\u00e2tre Edouard VII de Paris, aux c\u00f4t\u00e9s d&rsquo;Isabelle Carr\u00e9.<\/p>\n<p class=\"ap-StoryElement ap-StoryElement--mb ap-StoryText\">L&rsquo;acteur, qui aura 82 ans le 1er\u00a0d\u00e9cembre prochain, a rencontr\u00e9 quelques soucis de sant\u00e9. En avril dernier, notamment, une <a href=\"https:\/\/www.parismatch.be\/actualites\/people\/2026\/04\/02\/inquietude-autour-de-pierre-arditi-une-representation-theatrale-annulee-a-cause-dun-probleme-medical-GI5376XEJJGU3L2OPSAT4DHD3Q\/\" target=\"_self\" rel=\"nofollow noopener\">repr\u00e9sentation th\u00e9\u00e2trale avait \u00e9t\u00e9 annul\u00e9e<\/a> suite \u00e0 un \u00ab\u00a0probl\u00e8me m\u00e9dical\u00a0\u00bb. En 2023, il avait \u00e9galement \u00e9t\u00e9 victime de plusieurs <a href=\"https:\/\/www.parismatch.be\/actualites\/people\/2023\/11\/13\/pierre-arditi-remis-de-son-malaise-donne-des-nouvelles-de-sa-sante-REYMIBRIWBC4PP6MW6PRBVDJ2A\/\" target=\"_self\" rel=\"nofollow noopener\">malaises<\/a>, alors qu&rsquo;il \u00e9tait sur sc\u00e8ne. Face \u00e0 Nagui, il s&rsquo;est confi\u00e9 \u00e0 propos de sa sant\u00e9.<\/p>\n","protected":false},"excerpt":{"rendered":"Nagui anime une nouvelle \u00e9mission sur France Inter, intitul\u00e9e \u00ab\u00a0Les ailes de g\u00e9ant\u00a0\u00bb. Ce samedi, pour le premier&hellip;\n","protected":false},"author":2,"featured_media":284116,"comment_status":"","ping_status":"","sticky":false,"template":"","format":"standard","meta":{"footnotes":"","_share_on_mastodon":"0"},"categories":[15],"tags":[158,157,113,1570,112,5133,1093,4408,159,41031,1903,84,23],"class_list":["post-284115","post","type-post","status-publish","format-standard","has-post-thumbnail","category-people","tag-celebrities","tag-celebrity","tag-divertissement","tag-emission","tag-entertainment","tag-memoire","tag-mobilite","tag-nagui","tag-people","tag-pierre-arditi","tag-probleme","tag-sante","tag-suisse"],"share_on_mastodon":{"url":"https:\/\/pubeurope.com\/@ch_fr\/117189260494462650","error":""},"_links":{"self":[{"href":"https:\/\/www.europesays.com\/ch-fr\/wp-json\/wp\/v2\/posts\/284115","targetHints":{"allow":["GET"]}}],"collection":[{"href":"https:\/\/www.europesays.com\/ch-fr\/wp-json\/wp\/v2\/posts"}],"about":[{"href":"https:\/\/www.europesays.com\/ch-fr\/wp-json\/wp\/v2\/types\/post"}],"author":[{"embeddable":true,"href":"https:\/\/www.europesays.com\/ch-fr\/wp-json\/wp\/v2\/users\/2"}],"replies":[{"embeddable":true,"href":"https:\/\/www.europesays.com\/ch-fr\/wp-json\/wp\/v2\/comments?post=284115"}],"version-history":[{"count":0,"href":"https:\/\/www.europesays.com\/ch-fr\/wp-json\/wp\/v2\/posts\/284115\/revisions"}],"wp:featuredmedia":[{"embeddable":true,"href":"https:\/\/www.europesays.com\/ch-fr\/wp-json\/wp\/v2\/media\/284116"}],"wp:attachment":[{"href":"https:\/\/www.europesays.com\/ch-fr\/wp-json\/wp\/v2\/media?parent=284115"}],"wp:term":[{"taxonomy":"category","embeddable":true,"href":"https:\/\/www.europesays.com\/ch-fr\/wp-json\/wp\/v2\/categories?post=284115"},{"taxonomy":"post_tag","embeddable":true,"href":"https:\/\/www.europesays.com\/ch-fr\/wp-json\/wp\/v2\/tags?post=284115"}],"curies":[{"name":"wp","href":"https:\/\/api.w.org\/{rel}","templated":true}]}}