{"id":284137,"date":"2026-08-31T09:11:20","date_gmt":"2026-08-31T09:11:20","guid":{"rendered":"https:\/\/www.europesays.com\/ch-fr\/284137\/"},"modified":"2026-08-31T09:11:20","modified_gmt":"2026-08-31T09:11:20","slug":"belfort-maison-alcee-se-propulse-dans-la-4e-dimension-avec-une-pendulette-de-luxe-aux-allures-dengin-spatial","status":"publish","type":"post","link":"https:\/\/www.europesays.com\/ch-fr\/284137\/","title":{"rendered":"Belfort. Maison Alc\u00e9e se propulse dans la 4e dimension avec une pendulette de luxe aux allures d\u2019engin spatial"},"content":{"rendered":"<p>Un peu plus pr\u00e8s des \u00e9toiles\u2026 Pas facile d\u2019innover dans un univers (l\u2019horlogerie) o\u00f9 tout ou presque a d\u00e9j\u00e0 \u00e9t\u00e9 envisag\u00e9, r\u00e9alis\u00e9. Oui mais voil\u00e0, Alc\u00e9e Montfort a de la suite dans les id\u00e9es et surtout une imagination galopante. Celle qui fut, en 2017, responsable d\u2019un atelier d\u2019assemblage chez TAG Heuer, \u00e0 Chevenez (\u00e0 l\u2019\u00e9poque elle vivait \u00e0 Belfort avec son mari, Beno\u00eet) songe \u00e0 lancer un concept novateur.<\/p>\n<p>En 2021, elle propose ainsi une&#8230;<\/p>\n","protected":false},"excerpt":{"rendered":"Un peu plus pr\u00e8s des \u00e9toiles\u2026 Pas facile d\u2019innover dans un univers (l\u2019horlogerie) o\u00f9 tout ou presque a&hellip;\n","protected":false},"author":2,"featured_media":284138,"comment_status":"","ping_status":"","sticky":false,"template":"","format":"standard","meta":{"footnotes":"","_share_on_mastodon":"0"},"categories":[14],"tags":[3579,155,156,14800,14801,113,44,2265,112,2262,23,2266],"class_list":["post-284137","post","type-post","status-publish","format-standard","has-post-thumbnail","category-arts-et-design","tag-artisanat","tag-arts-and-design","tag-arts-et-design","tag-belfort","tag-belfort-ville-90a","tag-divertissement","tag-economie","tag-edition-belfort-hericourt-montbeliard","tag-entertainment","tag-region-franche-comte","tag-suisse","tag-territoire-de-belfort"],"share_on_mastodon":{"url":"https:\/\/pubeurope.com\/@ch_fr\/117189350681853792","error":""},"_links":{"self":[{"href":"https:\/\/www.europesays.com\/ch-fr\/wp-json\/wp\/v2\/posts\/284137","targetHints":{"allow":["GET"]}}],"collection":[{"href":"https:\/\/www.europesays.com\/ch-fr\/wp-json\/wp\/v2\/posts"}],"about":[{"href":"https:\/\/www.europesays.com\/ch-fr\/wp-json\/wp\/v2\/types\/post"}],"author":[{"embeddable":true,"href":"https:\/\/www.europesays.com\/ch-fr\/wp-json\/wp\/v2\/users\/2"}],"replies":[{"embeddable":true,"href":"https:\/\/www.europesays.com\/ch-fr\/wp-json\/wp\/v2\/comments?post=284137"}],"version-history":[{"count":0,"href":"https:\/\/www.europesays.com\/ch-fr\/wp-json\/wp\/v2\/posts\/284137\/revisions"}],"wp:featuredmedia":[{"embeddable":true,"href":"https:\/\/www.europesays.com\/ch-fr\/wp-json\/wp\/v2\/media\/284138"}],"wp:attachment":[{"href":"https:\/\/www.europesays.com\/ch-fr\/wp-json\/wp\/v2\/media?parent=284137"}],"wp:term":[{"taxonomy":"category","embeddable":true,"href":"https:\/\/www.europesays.com\/ch-fr\/wp-json\/wp\/v2\/categories?post=284137"},{"taxonomy":"post_tag","embeddable":true,"href":"https:\/\/www.europesays.com\/ch-fr\/wp-json\/wp\/v2\/tags?post=284137"}],"curies":[{"name":"wp","href":"https:\/\/api.w.org\/{rel}","templated":true}]}}