{"id":284209,"date":"2026-08-31T10:08:08","date_gmt":"2026-08-31T10:08:08","guid":{"rendered":"https:\/\/www.europesays.com\/ch-fr\/284209\/"},"modified":"2026-08-31T10:08:08","modified_gmt":"2026-08-31T10:08:08","slug":"vianney-metamorphose-jai-couru-apres-une-liberte-quil-me-fallait-retrouver-2","status":"publish","type":"post","link":"https:\/\/www.europesays.com\/ch-fr\/284209\/","title":{"rendered":"Vianney, m\u00e9tamorphos\u00e9\u00a0: \u00ab\u00a0j&rsquo;ai couru apr\u00e8s une libert\u00e9 qu&rsquo;il me fallait retrouver\u00a0\u00bb"},"content":{"rendered":"<p>Sens retrouv\u00e9. Ce 28\u00a0ao\u00fbt, <a href=\"https:\/\/www.journaldesfemmes.fr\/people\/personnalites\/2717503-vianney-vie-privee-femme-enfants-chansons-age-33-ans\/\" title=\"Vianney Bureau\" rel=\"nofollow noopener\" target=\"_blank\">Vianney<\/a> a sorti un nouveau single baptis\u00e9\u00a0D&rsquo;or et d&rsquo;\u00e9tain et il en a profit\u00e9 pour expliquer que la construction d&rsquo;une cabane dans la for\u00eat lui avait permis de renouer avec d&rsquo;anciennes sensations. \u00ab\u00a0Maintenant que j&rsquo;ai retrouv\u00e9 ma vie d&rsquo;avant, je repense au chemin de ces derniers mois, et je me sens si chanceux. J&rsquo;ai couru apr\u00e8s une libert\u00e9 qu&rsquo;il me fallait retrouver, et \u00e7a m&rsquo;a men\u00e9 \u00e0 cette chanson\u00a0\u00bb, a expliqu\u00e9 le chanteur de 35 ans dans une Story Instagram.<\/p>\n","protected":false},"excerpt":{"rendered":"Sens retrouv\u00e9. Ce 28\u00a0ao\u00fbt, Vianney a sorti un nouveau single baptis\u00e9\u00a0D&rsquo;or et d&rsquo;\u00e9tain et il en a profit\u00e9&hellip;\n","protected":false},"author":2,"featured_media":284210,"comment_status":"","ping_status":"","sticky":false,"template":"","format":"standard","meta":{"footnotes":"","_share_on_mastodon":"0"},"categories":[12],"tags":[61073,203,113,112,1244,207,864,140,141,23,3332],"class_list":["post-284209","post","type-post","status-publish","format-standard","has-post-thumbnail","category-musique","tag-cms-journaldesfemmes-3276299","tag-controller-content","tag-divertissement","tag-entertainment","tag-format-reportage","tag-les-histoires-du-jdf","tag-magazine","tag-music","tag-musique","tag-suisse","tag-vianney"],"share_on_mastodon":{"url":"https:\/\/pubeurope.com\/@ch_fr\/117189575098979885","error":""},"_links":{"self":[{"href":"https:\/\/www.europesays.com\/ch-fr\/wp-json\/wp\/v2\/posts\/284209","targetHints":{"allow":["GET"]}}],"collection":[{"href":"https:\/\/www.europesays.com\/ch-fr\/wp-json\/wp\/v2\/posts"}],"about":[{"href":"https:\/\/www.europesays.com\/ch-fr\/wp-json\/wp\/v2\/types\/post"}],"author":[{"embeddable":true,"href":"https:\/\/www.europesays.com\/ch-fr\/wp-json\/wp\/v2\/users\/2"}],"replies":[{"embeddable":true,"href":"https:\/\/www.europesays.com\/ch-fr\/wp-json\/wp\/v2\/comments?post=284209"}],"version-history":[{"count":0,"href":"https:\/\/www.europesays.com\/ch-fr\/wp-json\/wp\/v2\/posts\/284209\/revisions"}],"wp:featuredmedia":[{"embeddable":true,"href":"https:\/\/www.europesays.com\/ch-fr\/wp-json\/wp\/v2\/media\/284210"}],"wp:attachment":[{"href":"https:\/\/www.europesays.com\/ch-fr\/wp-json\/wp\/v2\/media?parent=284209"}],"wp:term":[{"taxonomy":"category","embeddable":true,"href":"https:\/\/www.europesays.com\/ch-fr\/wp-json\/wp\/v2\/categories?post=284209"},{"taxonomy":"post_tag","embeddable":true,"href":"https:\/\/www.europesays.com\/ch-fr\/wp-json\/wp\/v2\/tags?post=284209"}],"curies":[{"name":"wp","href":"https:\/\/api.w.org\/{rel}","templated":true}]}}