{"id":284301,"date":"2026-08-31T11:09:10","date_gmt":"2026-08-31T11:09:10","guid":{"rendered":"https:\/\/www.europesays.com\/ch-fr\/284301\/"},"modified":"2026-08-31T11:09:10","modified_gmt":"2026-08-31T11:09:10","slug":"detroit-dormuz-6000-marins-bloques-depuis-six-mois","status":"publish","type":"post","link":"https:\/\/www.europesays.com\/ch-fr\/284301\/","title":{"rendered":"D\u00e9troit d&rsquo;Ormuz : 6&rsquo;000 marins bloqu\u00e9s depuis six mois"},"content":{"rendered":"<p>Le d\u00e9troit d&rsquo;Ormuz est rest\u00e9 majoritairement ferm\u00e9 ces six derniers mois et quelque 6000 marins sont toujours bloqu\u00e9s dans le Golfe, o\u00f9 ils survivent dans des conditions critiques dans l&rsquo;indiff\u00e9rence quasi-g\u00e9n\u00e9rale.<\/p>\n<p>Pendant une br\u00e8ve accalmie entre l&rsquo;Iran et les Etats-Unis en juin, environ 5000 personnes ont pu \u00eatre \u00e9vacu\u00e9es du pi\u00e8ge du d\u00e9troit d&rsquo;Ormuz. Mais des milliers d&rsquo;autres restent coinc\u00e9es depuis des mois sur environ 400 navires, ne pouvant faire demi-tour ni avancer en raison des mines, des missiles et des bateaux militaires.<\/p>\n<p>Ce chiffre de 6000 est m\u00eame sous-estim\u00e9: certains marins sont en effet port\u00e9s disparus \u00e0 bord de diverses embarcations de petite taille. D&rsquo;autres n&rsquo;ont m\u00eame pas pu \u00eatre localis\u00e9s.<\/p>\n<p>Le commerce, une arme dans les conflits<\/p>\n<p>Et alors que le transport maritime est de plus en plus utilis\u00e9 comme levier de rapport de force dans les conflits, ces situations se multiplient. \u00ab\u00a0On parle du d\u00e9troit d&rsquo;Ormuz, mais en 2026, plus de 30 marins sont morts dans la mer Noire et la mer d&rsquo;Azov\u00a0\u00bb, regrette la secr\u00e9taire g\u00e9n\u00e9rale de la F\u00e9d\u00e9ration europ\u00e9enne des travailleurs des transports Livia Spera.<\/p>\n<p>\u00ab\u00a0Le probl\u00e8me est global, il n&rsquo;est pas uniquement li\u00e9 au d\u00e9troit d&rsquo;Ormuz: des marins, qui sont des civils, sont pris en otage par les conflits\u00a0\u00bb, d\u00e9plore-t-elle.<\/p>\n<p>Ces marins vivent des situations diff\u00e9rentes en fonction de la zone o\u00f9 ils se trouvent et de l&rsquo;entreprise pour qui ils et elles travaillent: alors que certains armateurs s&rsquo;assurent que leurs travailleurs et travailleuses disposent de suffisamment de nourriture, d&rsquo;eau et de m\u00e9dicaments, d&rsquo;autres sont en revanche compl\u00e8tement laiss\u00e9s \u00e0 eux-m\u00eames.<\/p>\n<p>Un secteur qui prosp\u00e8re cach\u00e9<\/p>\n<p>Et si leur sort n&rsquo;\u00e9meut pas grand monde, observe Livia Spera, c&rsquo;est parce que \u00ab\u00a0la majorit\u00e9 des marins dans le secteur du shopping vient des Philippines ou d&rsquo;Inde et d&rsquo;autres pays du Sud global\u00a0\u00bb, d\u00e9plore-t-elle.<\/p>\n<p>\u00ab\u00a0C&rsquo;est un secteur qui a toujours eu des b\u00e9n\u00e9fices en \u00e9tant cach\u00e9: il op\u00e8re en haute mer et n&rsquo;est donc pas tr\u00e8s visible. On ne sait pas tout ce qu&rsquo;il y a derri\u00e8re les biens qu&rsquo;on consomme.\u00a0\u00bb<\/p>\n<p class=\"sources\">Cl\u00e9a Favre\/jop<\/p>\n","protected":false},"excerpt":{"rendered":"Le d\u00e9troit d&rsquo;Ormuz est rest\u00e9 majoritairement ferm\u00e9 ces six derniers mois et quelque 6000 marins sont toujours bloqu\u00e9s&hellip;\n","protected":false},"author":2,"featured_media":284302,"comment_status":"","ping_status":"","sticky":false,"template":"","format":"standard","meta":{"footnotes":"","_share_on_mastodon":"0"},"categories":[5],"tags":[1384,61633,929,13112,19995,1996,1385,40,25451,421,443,41,42],"class_list":["post-284301","post","type-post","status-publish","format-standard","has-post-thumbnail","category-international","tag-conflit","tag-conflit-international","tag-critique","tag-detroit-dormuz","tag-golfe-persique","tag-guerre","tag-guerre-et-paix","tag-international","tag-livia-spera","tag-monde","tag-victime","tag-world","tag-world-news"],"share_on_mastodon":{"url":"https:\/\/pubeurope.com\/@ch_fr\/117189814613008134","error":""},"_links":{"self":[{"href":"https:\/\/www.europesays.com\/ch-fr\/wp-json\/wp\/v2\/posts\/284301","targetHints":{"allow":["GET"]}}],"collection":[{"href":"https:\/\/www.europesays.com\/ch-fr\/wp-json\/wp\/v2\/posts"}],"about":[{"href":"https:\/\/www.europesays.com\/ch-fr\/wp-json\/wp\/v2\/types\/post"}],"author":[{"embeddable":true,"href":"https:\/\/www.europesays.com\/ch-fr\/wp-json\/wp\/v2\/users\/2"}],"replies":[{"embeddable":true,"href":"https:\/\/www.europesays.com\/ch-fr\/wp-json\/wp\/v2\/comments?post=284301"}],"version-history":[{"count":0,"href":"https:\/\/www.europesays.com\/ch-fr\/wp-json\/wp\/v2\/posts\/284301\/revisions"}],"wp:featuredmedia":[{"embeddable":true,"href":"https:\/\/www.europesays.com\/ch-fr\/wp-json\/wp\/v2\/media\/284302"}],"wp:attachment":[{"href":"https:\/\/www.europesays.com\/ch-fr\/wp-json\/wp\/v2\/media?parent=284301"}],"wp:term":[{"taxonomy":"category","embeddable":true,"href":"https:\/\/www.europesays.com\/ch-fr\/wp-json\/wp\/v2\/categories?post=284301"},{"taxonomy":"post_tag","embeddable":true,"href":"https:\/\/www.europesays.com\/ch-fr\/wp-json\/wp\/v2\/tags?post=284301"}],"curies":[{"name":"wp","href":"https:\/\/api.w.org\/{rel}","templated":true}]}}