{"id":284349,"date":"2026-08-31T11:42:17","date_gmt":"2026-08-31T11:42:17","guid":{"rendered":"https:\/\/www.europesays.com\/ch-fr\/284349\/"},"modified":"2026-08-31T11:42:17","modified_gmt":"2026-08-31T11:42:17","slug":"sonia-devillers-et-celia-houdart-sur-les-pianos-perdus-de-la-seconde-guerre-mondiale-face-aux-camps-il-y-avait-une-technologie-au-service-de-la-beaute","status":"publish","type":"post","link":"https:\/\/www.europesays.com\/ch-fr\/284349\/","title":{"rendered":"Sonia Devillers et C\u00e9lia Houdart, sur les pianos perdus de la Seconde Guerre mondiale : \u00ab Face aux camps, il y avait une technologie au service de la beaut\u00e9 \u00bb"},"content":{"rendered":"<p>En marchant vers le bar o\u00f9 on leur avait donn\u00e9 rendez-vous, on a \u00e9t\u00e9 prise d\u2019un doute\u2009: \u00e9tait-ce bien raisonnable de pr\u00e9tendre marier deux \u00e9crivaines sortant chacune son livre pendant cette p\u00e9riode sacr\u00e9e et sacr\u00e9ment \u00e9gocentr\u00e9e de la rentr\u00e9e litt\u00e9raire ? Sonia Devillers, d\u2019abord\u2009: forc\u00e9e de renoncer, faute de num\u00e9ro de s\u00e9rie, \u00e0 retrouver le piano que les communistes arrach\u00e8rent \u00e0 sa grand-m\u00e8re maternelle en 1961 \u00e0 Bucarest quand la famille, juive, fut \u00ab\u202fexport\u00e9e\u202f\u00bb par <a href=\"https:\/\/www.latribune.fr\/article\/defense-aerospatiale\/defense\/54278772108479\/la-roumanie-commande-a-la-france-12-helicopteres-h225-airbus-et-12-radars-gm200-thales-pour-un-milliard-deuros-environ\" target=\"_self\" article-id=\"54278772108479\" rel=\"nofollow noopener\">l\u2019\u00c9tat roumain<\/a>, elle d\u00e9couvre, \u00e9crit-elle, que \u00ab\u202fdes milliers de pianos sont encore port\u00e9s disparus, que les descendants de leurs propri\u00e9taires continuent de les r\u00e9clamer, et que des personnes tr\u00e8s s\u00e9rieuses s\u2019occupent de pister leur trace\u202f\u00bb.<\/p>\n<p>Commence alors pour la matinali\u00e8re de France Inter et pr\u00e9sentatrice sur Arte une plong\u00e9e dans \u00ab\u202fun monde obscur et m\u00e9connu, celui des pianos fant\u00f4mes de la Seconde Guerre mondiale, rafl\u00e9s en quantit\u00e9 folle dans les appartements des juifs\u202f\u00bb. Ainsi en arrive-t-elle au Erard\u202fno\u202f68037, ce \u00ab\u202ffabuleux piano\u202f\u00bb qui donne son titre au livre que <a href=\"https:\/\/www.latribune.fr\/la-tribune-dimanche\/societe\/l-incroyable-histoire-de-gerd-heidemann-chasseur-des-derniers-nazis-1024177.html\" target=\"_self\" article-id=\"3685683224462614\" rel=\"nofollow noopener\">les nazis<\/a> vol\u00e8rent en\u202f1943 \u00e0 la famille Enoch dans leur appartement de la rue de Courcelles, \u00e0 Paris. Partie sur les traces de l\u2019instrument, la journaliste s\u2019int\u00e9resse \u00e0 cette famille et au journal intime du seul survivant, le fils, un certain Jacques Enoch, qu\u2019elle trouve d\u2019abord bourgeois et macho, et qui finira par la bouleverser \u2013\u202fet nous avec.<\/p>\n","protected":false},"excerpt":{"rendered":"En marchant vers le bar o\u00f9 on leur avait donn\u00e9 rendez-vous, on a \u00e9t\u00e9 prise d\u2019un doute\u2009: \u00e9tait-ce&hellip;\n","protected":false},"author":2,"featured_media":284350,"comment_status":"","ping_status":"","sticky":false,"template":"","format":"standard","meta":{"footnotes":"","_share_on_mastodon":"0"},"categories":[10],"tags":[449,113,112,61637,2423,61635,23,61636],"class_list":["post-284349","post","type-post","status-publish","format-standard","has-post-thumbnail","category-divertissement","tag-449","tag-divertissement","tag-entertainment","tag-il-y-avait-une-technologie-au-service-de-la-beaute","tag-la-tribune-dimanche","tag-sonia-devillers-et-celia-houdart","tag-suisse","tag-sur-les-pianos-perdus-de-la-seconde-guerre-mondiale-face-aux-camps"],"share_on_mastodon":{"url":"https:\/\/pubeurope.com\/@ch_fr\/117189944893550873","error":""},"_links":{"self":[{"href":"https:\/\/www.europesays.com\/ch-fr\/wp-json\/wp\/v2\/posts\/284349","targetHints":{"allow":["GET"]}}],"collection":[{"href":"https:\/\/www.europesays.com\/ch-fr\/wp-json\/wp\/v2\/posts"}],"about":[{"href":"https:\/\/www.europesays.com\/ch-fr\/wp-json\/wp\/v2\/types\/post"}],"author":[{"embeddable":true,"href":"https:\/\/www.europesays.com\/ch-fr\/wp-json\/wp\/v2\/users\/2"}],"replies":[{"embeddable":true,"href":"https:\/\/www.europesays.com\/ch-fr\/wp-json\/wp\/v2\/comments?post=284349"}],"version-history":[{"count":0,"href":"https:\/\/www.europesays.com\/ch-fr\/wp-json\/wp\/v2\/posts\/284349\/revisions"}],"wp:featuredmedia":[{"embeddable":true,"href":"https:\/\/www.europesays.com\/ch-fr\/wp-json\/wp\/v2\/media\/284350"}],"wp:attachment":[{"href":"https:\/\/www.europesays.com\/ch-fr\/wp-json\/wp\/v2\/media?parent=284349"}],"wp:term":[{"taxonomy":"category","embeddable":true,"href":"https:\/\/www.europesays.com\/ch-fr\/wp-json\/wp\/v2\/categories?post=284349"},{"taxonomy":"post_tag","embeddable":true,"href":"https:\/\/www.europesays.com\/ch-fr\/wp-json\/wp\/v2\/tags?post=284349"}],"curies":[{"name":"wp","href":"https:\/\/api.w.org\/{rel}","templated":true}]}}