{"id":284503,"date":"2026-08-31T13:36:09","date_gmt":"2026-08-31T13:36:09","guid":{"rendered":"https:\/\/www.europesays.com\/ch-fr\/284503\/"},"modified":"2026-08-31T13:36:09","modified_gmt":"2026-08-31T13:36:09","slug":"visa-pour-limage-mort-de-son-fondateur-jean-francois-leroy","status":"publish","type":"post","link":"https:\/\/www.europesays.com\/ch-fr\/284503\/","title":{"rendered":"Visa pour l&rsquo;image : mort de son fondateur Jean-Fran\u00e7ois Leroy"},"content":{"rendered":"<p>Jean-Fran\u00e7ois Leroy, fondateur du festival de photojournalisme Visa pour l&rsquo;image \u00e0 Perpignan (F), est d\u00e9c\u00e9d\u00e9 des suites d&rsquo;un cancer lundi matin, jour de l&rsquo;ouverture de la 38e \u00e9dition de cette rencontre mondiale, a-t-on appris aupr\u00e8s de sa famille et des organisateurs.<\/p>\n<p>\u00ab\u00a0Toute l&rsquo;\u00e9quipe de Visa pour l&rsquo;image &#8211; Perpignan et toute la famille de Jean-Fran\u00e7ois Leroy ont la tristesse de vous annoncer la mort, ce lundi 31 ao\u00fbt au matin, du fondateur et directeur historique du festival international du photojournalisme\u00a0\u00bb, \u00e9crit le festival sur son compte Instagram. \u00ab\u00a0Il avait accompagn\u00e9 et mis en valeur des photojournalistes du monde entier\u00a0\u00bb, ajoute-t-il sur X.<\/p>\n<p>Pour la premi\u00e8re fois en 38 ans, cet ancien photographe de 69 ans \u00e9tait absent de l&rsquo;inauguration samedi de l&rsquo;unique festival mondial consacr\u00e9 \u00e0 la photo de presse, qui expose chaque ann\u00e9e \u00e0 Perpignan les plus grands photojournalistes.<\/p>\n<p>\u00ab\u00a0L&rsquo;\u00e2me du festival\u00a0\u00bb<\/p>\n<p>Il est d\u00e9c\u00e9d\u00e9 lundi matin des suites d&rsquo;un cancer entour\u00e9 de ses proches \u00e0 son domicile parisien, selon l&rsquo;\u00e9quipe du festival. Malgr\u00e9 la maladie, il a particip\u00e9 \u00ab\u00a0de A \u00e0 Z \u00e0 la pr\u00e9paration\u00a0\u00bb de la 38e \u00e9dition du festival, a pr\u00e9cis\u00e9 \u00e0 l&rsquo;AFP Delphine Lelu, la directrice g\u00e9n\u00e9rale de Visa pour l&rsquo;image.<\/p>\n<p>\u00ab\u00a0C&rsquo;est l&rsquo;\u00e2me de ce festival, il l&rsquo;a port\u00e9 \u00e0 bout de bras depuis la premi\u00e8re \u00e9dition, en 1989. Il nous laisse un grand h\u00e9ritage. Il a toujours voulu que Perpignan soit un phare pour les photojournalistes, on va faire en sorte que le festival continue de briller\u00a0\u00bb, a ajout\u00e9 Delphine Lelu.<\/p>\n<p>A la fin des ann\u00e9es 1980, le festival parrain\u00e9 par Paris-Match et Roger Th\u00e9rond est cr\u00e9\u00e9 \u00e0 l&rsquo;initiative de la municipalit\u00e9 de Perpignan, soucieuse de fonder un \u00e9v\u00e8nement culturel pour prolonger la saison estivale. Chaque ann\u00e9e ensuite, des photojournalistes du monde entier ont d\u00e9fil\u00e9 et \u00e9t\u00e9 expos\u00e9s lors de ces rencontres o\u00f9 se m\u00ealaient patrons de presse, reporters et visiteurs.<\/p>\n<p>\u00ab\u00a0Le mantra de Visa pour l&rsquo;image depuis trente-huit ans reste: la d\u00e9couverte de jeunes photographes, la confirmation et la mise en lumi\u00e8re de photographes reconnus et la red\u00e9couverte d&rsquo;anciens photographes historiques\u00a0\u00bb, \u00e9crivait-il dans son livre \u00e0 para\u00eetre en octobre \u00ab\u00a0Le devoir de regarder\u00a0\u00bb.<\/p>\n<p class=\"sources\">afp\/mh<\/p>\n","protected":false},"excerpt":{"rendered":"Jean-Fran\u00e7ois Leroy, fondateur du festival de photojournalisme Visa pour l&rsquo;image \u00e0 Perpignan (F), est d\u00e9c\u00e9d\u00e9 des suites d&rsquo;un&hellip;\n","protected":false},"author":2,"featured_media":284504,"comment_status":"","ping_status":"","sticky":false,"template":"","format":"standard","meta":{"footnotes":"","_share_on_mastodon":"0"},"categories":[10],"tags":[380,2420,99,113,112,305,650,1797,61706,7159,6116,755,337,238,23,1803],"class_list":["post-284503","post","type-post","status-publish","format-standard","has-post-thumbnail","category-divertissement","tag-arts-et-divertissement","tag-arts-visuels","tag-cancer","tag-divertissement","tag-entertainment","tag-famille","tag-festival","tag-fin-de-vie-et-mort","tag-jean-francois-leroy","tag-perpignan","tag-photographe","tag-photographie","tag-rencontre","tag-societe","tag-suisse","tag-valeurs"],"share_on_mastodon":{"url":"https:\/\/pubeurope.com\/@ch_fr\/117190392866962119","error":""},"_links":{"self":[{"href":"https:\/\/www.europesays.com\/ch-fr\/wp-json\/wp\/v2\/posts\/284503","targetHints":{"allow":["GET"]}}],"collection":[{"href":"https:\/\/www.europesays.com\/ch-fr\/wp-json\/wp\/v2\/posts"}],"about":[{"href":"https:\/\/www.europesays.com\/ch-fr\/wp-json\/wp\/v2\/types\/post"}],"author":[{"embeddable":true,"href":"https:\/\/www.europesays.com\/ch-fr\/wp-json\/wp\/v2\/users\/2"}],"replies":[{"embeddable":true,"href":"https:\/\/www.europesays.com\/ch-fr\/wp-json\/wp\/v2\/comments?post=284503"}],"version-history":[{"count":0,"href":"https:\/\/www.europesays.com\/ch-fr\/wp-json\/wp\/v2\/posts\/284503\/revisions"}],"wp:featuredmedia":[{"embeddable":true,"href":"https:\/\/www.europesays.com\/ch-fr\/wp-json\/wp\/v2\/media\/284504"}],"wp:attachment":[{"href":"https:\/\/www.europesays.com\/ch-fr\/wp-json\/wp\/v2\/media?parent=284503"}],"wp:term":[{"taxonomy":"category","embeddable":true,"href":"https:\/\/www.europesays.com\/ch-fr\/wp-json\/wp\/v2\/categories?post=284503"},{"taxonomy":"post_tag","embeddable":true,"href":"https:\/\/www.europesays.com\/ch-fr\/wp-json\/wp\/v2\/tags?post=284503"}],"curies":[{"name":"wp","href":"https:\/\/api.w.org\/{rel}","templated":true}]}}