{"id":284511,"date":"2026-08-31T13:41:06","date_gmt":"2026-08-31T13:41:06","guid":{"rendered":"https:\/\/www.europesays.com\/ch-fr\/284511\/"},"modified":"2026-08-31T13:41:06","modified_gmt":"2026-08-31T13:41:06","slug":"ia-a-lecole-90-des-eleves-suisses-lutilisent-au-quotidien","status":"publish","type":"post","link":"https:\/\/www.europesays.com\/ch-fr\/284511\/","title":{"rendered":"IA \u00e0 l&rsquo;\u00e9cole : 90% des \u00e9l\u00e8ves suisses l&rsquo;utilisent au quotidien"},"content":{"rendered":"<p>L&rsquo;intelligence artificielle fait d\u00e9sormais partie du quotidien \u00e0 l&rsquo;\u00e9cole. Selon une \u00e9tude, d\u00e8s le secondaire I, la quasi-totalit\u00e9 des \u00e9l\u00e8ves utilisent l&rsquo;IA pour r\u00e9aliser leurs t\u00e2ches, souvent sans aucune supervision de la part du corps enseignant. D\u00e9pass\u00e9e, l&rsquo;institution scolaire peine \u00e0 suivre le rythme.<\/p>\n<p>Que ce soit pour les devoirs, les travaux de groupe ou les pr\u00e9sentations, l&rsquo;Intelligence artificielle est devenue un outil incontournable pour de nombreux \u00e9coliers et \u00e9coli\u00e8res. Au niveau du secondaire I et du secondaire II, neuf jeunes sur dix d\u00e9clarent utiliser r\u00e9guli\u00e8rement l&rsquo;IA pour leurs t\u00e2ches scolaires, montre <a href=\"https:\/\/www.skbf-csre.ch\/fr\/news\/details\/news\/monitoring-der-digitalisierung-der-bildung-aus-der-sicht-der-schuelerinnen-und-schueler-ergebnisse-de\/?tx_news_pi1%5Bcontroller%5D=News&amp;tx_news_pi1%5Baction%5D=detail&amp;cHash=bae3e5e9782aa9812b2ea17ebff38526\" class=\"inline-link\" title=\"SKBF-CSRE: Monitorage de la num\u00e9risation dans l&#039;\u00e9ducation du point de vue des \u00e9l\u00e8ves : R\u00e9sultats des cinq enqu\u00eates 2020-2026\" data-item-id=\"richtext_link\" data-rts-ece-id=\"e93d79f8-a79d-310f-aa72-cc93726c3623\" target=\"_blank\" rel=\"noopener nofollow\">le dernier monitorage<\/a> r\u00e9alis\u00e9 par le Centre suisse de coordination pour la recherche en \u00e9ducation (CSRE), publi\u00e9 mardi.<\/p>\n<p>Pour Stefan Wolter, auteur de l&rsquo;\u00e9tude et directeur du CSRE, cela n&rsquo;a rien de vraiment surprenant. \u00ab\u00a0C&rsquo;est \u00e9videmment une tentation \u00e9norme pour les \u00e9l\u00e8ves de r\u00e9aliser rapidement, gr\u00e2ce \u00e0 l&rsquo;IA, des t\u00e2ches qui demanderaient beaucoup d&rsquo;efforts, afin de lib\u00e9rer du temps libre, plut\u00f4t que de s&rsquo;engager dans un processus d&rsquo;apprentissage exigeant\u00a0\u00bb, explique-t-il.<\/p>\n<p>Un usage non encadr\u00e9 par les \u00e9coles<\/p>\n<p>Le probl\u00e8me, selon lui, r\u00e9side dans le fait que les \u00e9coles ne dictent pas le cadre d&rsquo;utilisation de l&rsquo;IA. La plupart du temps, les \u00e9l\u00e8ves se tournent spontan\u00e9ment vers des outils comme ChatGPT, Claude ou Gemini. Moins d&rsquo;un cinqui\u00e8me des \u00e9l\u00e8ves interrog\u00e9s affirment utiliser l&rsquo;IA \u00e0 la demande ou sous la supervision d&rsquo;un enseignant.<\/p>\n<p>Cette situation inqui\u00e8te Stefan Wolter. \u00ab\u00a0Un usage productif de l&rsquo;IA suppose que les enseignants montrent aux \u00e9l\u00e8ves comment l&rsquo;utiliser sans pour autant perdre leur capacit\u00e9 \u00e0 r\u00e9fl\u00e9chir par eux-m\u00eames\u00a0\u00bb, rel\u00e8ve-t-il.<\/p>\n<p>&gt;&gt; Lire aussi\u00a0: <a href=\"https:\/\/www.rts.ch\/info\/suisse\/2026\/article\/l-intelligence-artificielle-a-l-ecole-suscite-craintes-et-espoirs-29330293.html\" data-item-id=\"richtext_link\" rel=\"nofollow noopener\" target=\"_blank\">Rentr\u00e9e scolaire: \u00ab\u00a0La crainte, c&rsquo;est que l&rsquo;IA enl\u00e8ve le go\u00fbt de l&rsquo;effort\u00a0\u00bb<\/a><\/p>\n<p>Une institution qui peine \u00e0 suivre le rythme<\/p>\n<p>Beat Schwendimann, responsable du secteur P\u00e9dagogie de l&rsquo;Association fa\u00eeti\u00e8re des enseignantes et enseignants de Suisse (LCH), partage cette analyse. Selon lui, les \u00e9coles ont bien identifi\u00e9 le probl\u00e8me, mais face \u00e0 une technologie qui \u00e9volue aussi rapidement que l&rsquo;IA, elles peinent \u00e0 suivre le rythme.<\/p>\n<p class=\"q-text\">L&rsquo;IA peut jouer le r\u00f4le de partenaire d&rsquo;entra\u00eenement, par exemple en posant des questions critiques ou en identifiant ce que l&rsquo;\u00e9l\u00e8ve ne sait pas encore<\/p>\n<p>  Beat Schwendimann, Association fa\u00eeti\u00e8re des enseignantes et enseignants de Suisse (LCH) <\/p>\n<p>\u00ab\u00a0Dans ce domaine, tout \u00e9volue tr\u00e8s vite. L&rsquo;intelligence artificielle s&rsquo;immisce dans tous les aspects de la vie, ce qui rend difficile pour les \u00e9coles de rester constamment \u00e0 jour, de s&rsquo;approprier les derni\u00e8res avanc\u00e9es et de trouver le temps n\u00e9cessaire pour les traiter en profondeur.\u00a0\u00bb<\/p>\n<p>L&rsquo;IA comme partenaire d&rsquo;apprentissage<\/p>\n<p>\u00c0 cela s&rsquo;ajoute une autre difficult\u00e9: les enseignantes et enseignants sont d\u00e9j\u00e0 fortement sollicit\u00e9s, avec des responsabilit\u00e9s qui ne cessent de cro\u00eetre. Beat Schwendimann souligne donc l&rsquo;importance de former les enseignants, tant dans leur formation initiale que continue, \u00e0 int\u00e9grer l&rsquo;IA de mani\u00e8re pertinente dans leurs cours. Car cette technologie peut \u00eatre un outil pr\u00e9cieux, \u00e0 condition qu&rsquo;elle ne remplace pas la r\u00e9flexion des \u00e9l\u00e8ves.<\/p>\n<p>\u00ab\u00a0L&rsquo;objectif n&rsquo;est pas de d\u00e9l\u00e9guer l&rsquo;apprentissage \u00e0 l&rsquo;IA, mais de l&rsquo;utiliser pour soutenir les processus d&rsquo;apprentissage\u00a0\u00bb, pr\u00e9cise Beat Schwendimann. \u00ab\u00a0L&rsquo;IA peut jouer le r\u00f4le de partenaire d&rsquo;entra\u00eenement, par exemple en posant des questions critiques, en identifiant ce que l&rsquo;\u00e9l\u00e8ve ne sait pas encore, en le mettant au d\u00e9fi, mais sans lui fournir directement les r\u00e9ponses.\u00a0\u00bb<\/p>\n<p> &gt;&gt; Ecouter les pistes \u00e9voqu\u00e9es par Beat Schwendimann :   SRF, Echo der Zeit, 25.08.2026, 18h00 Une IA suisse souhait\u00e9e<\/p>\n<p>La question de la protection des donn\u00e9es reste \u00e9galement en suspens. L&rsquo;utilisation de chatbots peut poser probl\u00e8me, notamment en raison du transfert potentiel de donn\u00e9es vers des pays comme les \u00c9tats-Unis ou la Chine. Une enqu\u00eate r\u00e9cente men\u00e9e par l&rsquo;Association fa\u00eeti\u00e8re des enseignantes et enseignants al\u00e9maniques a r\u00e9v\u00e9l\u00e9 que de nombreuses \u00e9coles manquent de directives claires \u00e0 ce sujet.<\/p>\n<p>\u00ab\u00a0Il est donc essentiel de d\u00e9finir quels outils les \u00e9coles peuvent utiliser et dans quelles conditions. Du point de vue du LCH, il serait souhaitable, \u00e0 moyen ou long terme, de d\u00e9velopper une IA suisse qui respecte les normes de protection des donn\u00e9es en vigueur dans notre pays\u00a0\u00bb, affirme Beat Schwendimann.<\/p>\n<p>Quid de la Suisse romande?<\/p>\n<p>Par rapport \u00e0 la Suisse al\u00e9manique, les cantons latins semblent avoir une l\u00e9g\u00e8re avance en mati\u00e8re de gestion de l&rsquo;IA \u00e0 l&rsquo;\u00e9cole. En d\u00e9cembre dernier, la Conf\u00e9rence intercantonale de l&rsquo;instruction publique de la Suisse romande et du Tessin ont d\u00e9cid\u00e9 de se coordonner afin d&rsquo;accompagner au mieux les \u00e9volutions technologiques. Cette approche concert\u00e9e s&rsquo;articule autour de trois priorit\u00e9s: former le corps enseignant, encadrer les usages et d\u00e9velopper l&rsquo;esprit critique.<\/p>\n<p>Pour ce qui est de l&rsquo;utilisation en classe, certains cantons romands comme Fribourg ont mis\u00e9 sur Copilot de Microsoft. Le canton de Vaud, quant \u00e0 lui, a lanc\u00e9 \u00ab\u00a0IA in the box\u00a0\u00bb, une plateforme s\u00e9curis\u00e9e et hors ligne, accessible uniquement en classe, \u00e0 destination des \u00e9l\u00e8ves de 9e \u00e0 11e ann\u00e9e. Objectif: enseigner les bonnes pratiques et sensibiliser les \u00e9coliers et \u00e9coli\u00e8res \u00e0 l&rsquo;utilisation responsable et pertinente de l&rsquo;IA.<\/p>\n<p> &gt;&gt; Ecouter l&rsquo;interview de David Rey, pr\u00e9sident du Syndicat des enseignantes et enseignants de Suisse romande\u00a0:    Vaud et Fribourg introduisent des outils d\u2019intelligence artificielle \u00e0 l\u2019\u00e9cole: interview de David Rey \/ La Matinale \/ 6 min. \/ le 17 ao\u00fbt 2026 <\/p>\n<p>Face au boom de l&rsquo;intelligence artificielle et \u00e0 la rapidit\u00e9 de son \u00e9volution, les institutions scolaires de Suisse al\u00e9manique comme de Suisse romande en sont encore \u00e0 l&rsquo;heure de l&rsquo;exp\u00e9rimentation. Une chose est s\u00fbre: la gestion de l&rsquo;IA continuera de poser des d\u00e9fis aux \u00e9coles pendant longtemps.<\/p>\n<p class=\"sources\">Mich\u00e8le Scherrer, SRF<\/p>\n<p class=\"credit\">Adaptation pour RTSinfo: Didier Kottelat<\/p>\n","protected":false},"excerpt":{"rendered":"L&rsquo;intelligence artificielle fait d\u00e9sormais partie du quotidien \u00e0 l&rsquo;\u00e9cole. Selon une \u00e9tude, d\u00e8s le secondaire I, la quasi-totalit\u00e9&hellip;\n","protected":false},"author":2,"featured_media":284512,"comment_status":"","ping_status":"","sticky":false,"template":"","format":"standard","meta":{"footnotes":"","_share_on_mastodon":"0"},"categories":[5],"tags":[6698,986,929,1323,343,985,988,3462,102,4435,323,40,987,1903,296,238,860,1703,807,41,42],"class_list":["post-284511","post","type-post","status-publish","format-standard","has-post-thumbnail","category-international","tag-association","tag-colleges","tag-critique","tag-dialogue","tag-ecole","tag-ecoles","tag-education","tag-eleve","tag-etude","tag-institution-sociale","tag-intelligence-artificielle","tag-international","tag-lycees","tag-probleme","tag-science-et-technologie","tag-societe","tag-tache","tag-technologie-de-linformation-et-informatique","tag-technologie-et-ingenierie","tag-world","tag-world-news"],"share_on_mastodon":{"url":"https:\/\/pubeurope.com\/@ch_fr\/117190412651154744","error":""},"_links":{"self":[{"href":"https:\/\/www.europesays.com\/ch-fr\/wp-json\/wp\/v2\/posts\/284511","targetHints":{"allow":["GET"]}}],"collection":[{"href":"https:\/\/www.europesays.com\/ch-fr\/wp-json\/wp\/v2\/posts"}],"about":[{"href":"https:\/\/www.europesays.com\/ch-fr\/wp-json\/wp\/v2\/types\/post"}],"author":[{"embeddable":true,"href":"https:\/\/www.europesays.com\/ch-fr\/wp-json\/wp\/v2\/users\/2"}],"replies":[{"embeddable":true,"href":"https:\/\/www.europesays.com\/ch-fr\/wp-json\/wp\/v2\/comments?post=284511"}],"version-history":[{"count":0,"href":"https:\/\/www.europesays.com\/ch-fr\/wp-json\/wp\/v2\/posts\/284511\/revisions"}],"wp:featuredmedia":[{"embeddable":true,"href":"https:\/\/www.europesays.com\/ch-fr\/wp-json\/wp\/v2\/media\/284512"}],"wp:attachment":[{"href":"https:\/\/www.europesays.com\/ch-fr\/wp-json\/wp\/v2\/media?parent=284511"}],"wp:term":[{"taxonomy":"category","embeddable":true,"href":"https:\/\/www.europesays.com\/ch-fr\/wp-json\/wp\/v2\/categories?post=284511"},{"taxonomy":"post_tag","embeddable":true,"href":"https:\/\/www.europesays.com\/ch-fr\/wp-json\/wp\/v2\/tags?post=284511"}],"curies":[{"name":"wp","href":"https:\/\/api.w.org\/{rel}","templated":true}]}}