{"id":284539,"date":"2026-08-31T14:06:13","date_gmt":"2026-08-31T14:06:13","guid":{"rendered":"https:\/\/www.europesays.com\/ch-fr\/284539\/"},"modified":"2026-08-31T14:06:13","modified_gmt":"2026-08-31T14:06:13","slug":"contraception-gratuite-geneve-se-prononce-le-27-septembre","status":"publish","type":"post","link":"https:\/\/www.europesays.com\/ch-fr\/284539\/","title":{"rendered":"Contraception gratuite : Gen\u00e8ve se prononce le 27 septembre"},"content":{"rendered":"<p>La population genevoise votera le 27 septembre prochain pour rendre ou non la contraception gratuite pour toutes et tous. En cas de oui, Gen\u00e8ve deviendrait le premier canton \u00e0 g\u00e9n\u00e9raliser une telle mesure.<\/p>\n<p>La revendication d&rsquo;une contraception gratuite n&rsquo;est pas nouvelle: en Suisse, on la retrouvait d\u00e9j\u00e0 dans des cort\u00e8ges f\u00e9ministes de 1975. Les femmes et les mouvements f\u00e9ministes r\u00e9clamaient alors d\u00e9j\u00e0 le droit de d\u00e9cider de leur maternit\u00e9, notamment \u00e0 travers une contraception libre et gratuite.<\/p>\n<p>Par ailleurs, cela fait des dizaines d&rsquo;ann\u00e9es que des parlementaires \u00e0 Berne tentent, sans succ\u00e8s, de faire passer des textes au niveau f\u00e9d\u00e9ral pour que les contraceptifs soient rembours\u00e9s par l&rsquo;assurance-maladie.<\/p>\n<p>La balle aux cantons<\/p>\n<p>Mais c&rsquo;est finalement \u00e0 l&rsquo;\u00e9chelon cantonal qu&rsquo;une br\u00e8che s&rsquo;est ouverte: en octobre 2025, le Grand Conseil neuch\u00e2telois a accept\u00e9 une motion visant \u00e0 rendre la contraception gratuite pour les moins de 30 ans. La balle est d\u00e9sormais dans le camp du Conseil d&rsquo;Etat.<\/p>\n<p>&gt;&gt; Lire \u00e0 ce sujet\u00a0: <a href=\"https:\/\/www.rts.ch\/info\/regions\/neuchatel\/2025\/article\/neuchatel-contraception-gratuite-pour-les-moins-de-30-ans-adoptee-de-justesse-29013883.html\" data-item-id=\"richtext_link\" rel=\"nofollow noopener\" target=\"_blank\">Contraception gratuite pour les moins de 30 ans valid\u00e9e au Grand Conseil neuch\u00e2telois<\/a><\/p>\n<p>A Gen\u00e8ve, l&rsquo;initiative va encore plus loin: aucune limite d&rsquo;\u00e2ge n&rsquo;a \u00e9t\u00e9 fix\u00e9e et toutes les m\u00e9thodes de contraception \u2013 pilule, st\u00e9rilets, implants, pilule d&rsquo;urgence ou pr\u00e9servatifs \u2013 seraient prises en charge par le canton. Les IVG, en revanche, ne sont pas comprises dans le texte.<\/p>\n<p>Corriger une in\u00e9galit\u00e9 de charge<\/p>\n<p>Le texte a \u00e9t\u00e9 lanc\u00e9 par le Parti socialiste dans le but d&rsquo;am\u00e9liorer la sant\u00e9 publique et r\u00e9duire les in\u00e9galit\u00e9s, alors que le co\u00fbt de la contraception est encore largement support\u00e9 par les femmes.<\/p>\n<p>\u00ab\u00a0Les deux personnes qui ont un rapport sexuel sont responsables de se prot\u00e9ger contre une grossesse non d\u00e9sir\u00e9e, mais les co\u00fbts ne sont pas partag\u00e9s\u00a0\u00bb, rappelle la d\u00e9put\u00e9e Jacklean Kalibala. \u00ab\u00a0En finan\u00e7ant la contraception \u00e0 travers l&rsquo;imp\u00f4t, \u00e7a permettrait que la soci\u00e9t\u00e9 enti\u00e8re partage les co\u00fbts.\u00a0\u00bb<\/p>\n<p> &gt;&gt; R\u00e9\u00e9couter l&rsquo;archive du jour sur l&rsquo;apparition de la pilule contraceptive\u00a0:    L\u2019archive du jour &#8211; L&rsquo;apparition de la pilule contraceptive il y a 65 ans, une petite r\u00e9volution \/ L&rsquo;archive du jour \/ 3 min. \/ le 18 juin 2026 \u00ab\u00a0Budget pilule\u00a0\u00bb cons\u00e9quent<\/p>\n<p>Les initiantes et initiants estiment qu&rsquo;\u00e0 l&rsquo;heure actuelle, le prix de la contraception peut \u00eatre un obstacle \u00e0 la limitation du nombre de grossesses non d\u00e9sir\u00e9es, notamment pour les personnes pr\u00e9caires, dont une partie importante de jeunes.<\/p>\n<p>\u00ab\u00a0C&rsquo;est quand m\u00eame un co\u00fbt assez cons\u00e9quent chaque mois, alors que je suis encore \u00e0 l&rsquo;universit\u00e9\u00a0\u00bb, t\u00e9moigne une \u00e9tudiante lundi dans La Matinale. \u00ab\u00a0Il y a un certain temps o\u00f9 je n&rsquo;avais pas de job \u00e9tudiant, j&rsquo;h\u00e9sitais \u00e0 prendre la pilule. Donc oui, \u00e7a remet certains choix en question.\u00a0\u00bb<\/p>\n<p>\u00ab\u00a0On n&rsquo;a pas tous des parents sur qui on peut compter ou un travail qui nous permet de la payer\u00a0\u00bb, expose un jeune homme. \u00ab\u00a0Dans beaucoup d&rsquo;\u00e9v\u00e9nements, ils distribuent des pr\u00e9servatifs gratuitement pour aider\u00a0\u00bb,\u00a0remarque encore une autre \u00e9tudiante. \u00ab\u00a0Donc c&rsquo;est bien qu&rsquo;il y a un manque.\u00a0\u00bb<\/p>\n<p>La droite et le Conseil d&rsquo;Etat s&rsquo;opposent<\/p>\n<p>Si elle est accept\u00e9e, la prise en charge collective co\u00fbterait environ 20 millions par an, selon les estimations de l&rsquo;Etat, sans compter les co\u00fbts li\u00e9s \u00e0 la gestion des stocks et la logistique, notamment. Un chiffre qui fait tiquer les opposants. \u00c0 l&rsquo;exception du Centre, toute la droite s&rsquo;oppose au texte, estimant que la gratuit\u00e9 universelle \u00ab\u00a0va trop loin\u00a0\u00bb.<\/p>\n<p>Pour le pr\u00e9sident du PLR Gen\u00e8ve Pierre Nicollier, la vie sexuelle et l&rsquo;organisation de la contraception rel\u00e8vent de la \u00ab\u00a0responsabilit\u00e9 individuelle\u00a0\u00bb et \u00ab\u00a0ce n&rsquo;est pas \u00e0 l&rsquo;Etat de venir mettre son nez l\u00e0-dedans\u00a0\u00bb, estime-t-il. \u00ab\u00a0La gratuit\u00e9 n&rsquo;est pas une solution. Nous devons travailler avec les populations parmi lesquelles il y a des grossesses non d\u00e9sir\u00e9es pour s&rsquo;assurer que tout est mis en place et qu&rsquo;il y ait une pr\u00e9vention en amont.\u00a0\u00bb<\/p>\n<p>Le Conseil d&rsquo;Etat appelle \u00e9galement \u00e0 rejeter l&rsquo;initiative. Il estime qu&rsquo;une gratuit\u00e9 universelle, sans distinction de revenu ni d&rsquo;\u00e2ge, n&rsquo;est pas la bonne r\u00e9ponse, car elle b\u00e9n\u00e9ficierait aussi aux personnes plus ais\u00e9es.<\/p>\n<p class=\"sources\">Guillaume Martinez\/jop<\/p>\n","protected":false},"excerpt":{"rendered":"La population genevoise votera le 27 septembre prochain pour rendre ou non la contraception gratuite pour toutes et&hellip;\n","protected":false},"author":2,"featured_media":284540,"comment_status":"","ping_status":"","sticky":false,"template":"","format":"standard","meta":{"footnotes":"","_share_on_mastodon":"0"},"categories":[17],"tags":[818,8192,8193,4403,2703,305,170,169,743,92,424,84,61709,238,23],"class_list":["post-284539","post","type-post","status-publish","format-standard","has-post-thumbnail","category-geneve","tag-canton-de-geneve","tag-contraception","tag-controle-des-naissances","tag-cout","tag-etudiant","tag-famille","tag-geneva","tag-geneve","tag-initiative","tag-politique","tag-population","tag-sante","tag-sante-reproductive","tag-societe","tag-suisse"],"share_on_mastodon":{"url":"https:\/\/pubeurope.com\/@ch_fr\/117190510865536243","error":""},"_links":{"self":[{"href":"https:\/\/www.europesays.com\/ch-fr\/wp-json\/wp\/v2\/posts\/284539","targetHints":{"allow":["GET"]}}],"collection":[{"href":"https:\/\/www.europesays.com\/ch-fr\/wp-json\/wp\/v2\/posts"}],"about":[{"href":"https:\/\/www.europesays.com\/ch-fr\/wp-json\/wp\/v2\/types\/post"}],"author":[{"embeddable":true,"href":"https:\/\/www.europesays.com\/ch-fr\/wp-json\/wp\/v2\/users\/2"}],"replies":[{"embeddable":true,"href":"https:\/\/www.europesays.com\/ch-fr\/wp-json\/wp\/v2\/comments?post=284539"}],"version-history":[{"count":0,"href":"https:\/\/www.europesays.com\/ch-fr\/wp-json\/wp\/v2\/posts\/284539\/revisions"}],"wp:featuredmedia":[{"embeddable":true,"href":"https:\/\/www.europesays.com\/ch-fr\/wp-json\/wp\/v2\/media\/284540"}],"wp:attachment":[{"href":"https:\/\/www.europesays.com\/ch-fr\/wp-json\/wp\/v2\/media?parent=284539"}],"wp:term":[{"taxonomy":"category","embeddable":true,"href":"https:\/\/www.europesays.com\/ch-fr\/wp-json\/wp\/v2\/categories?post=284539"},{"taxonomy":"post_tag","embeddable":true,"href":"https:\/\/www.europesays.com\/ch-fr\/wp-json\/wp\/v2\/tags?post=284539"}],"curies":[{"name":"wp","href":"https:\/\/api.w.org\/{rel}","templated":true}]}}