{"id":284583,"date":"2026-08-31T14:39:13","date_gmt":"2026-08-31T14:39:13","guid":{"rendered":"https:\/\/www.europesays.com\/ch-fr\/284583\/"},"modified":"2026-08-31T14:39:13","modified_gmt":"2026-08-31T14:39:13","slug":"beat-jans-rencontre-le-ministre-allemand-de-linterieur-a-chiasso","status":"publish","type":"post","link":"https:\/\/www.europesays.com\/ch-fr\/284583\/","title":{"rendered":"Beat Jans rencontre le ministre allemand de l\u2019int\u00e9rieur \u00e0 Chiasso"},"content":{"rendered":"<p class=\"wysiwyg-h2\">Beat Jans a rencontr\u00e9 \u00e0 Chiasso le ministre allemand de l\u2019int\u00e9rieur Alexander Dobrindt. Ils y ont visit\u00e9 le centre douanier local dans l\u2019id\u00e9e de cr\u00e9er un tel centre \u00e0 B\u00e2le pour renforcer la coop\u00e9ration entre les deux pays en mati\u00e8re de police et migration.<\/p>\n<p>Lors d\u2019un point de presse organis\u00e9 lundi \u00e0 l\u2019issue de leur visite de travail, le chef du D\u00e9partement f\u00e9d\u00e9ral de justice et police (DFJP) a d\u2019abord tenu \u00e0 exprimer sa consternation et celle du Conseil f\u00e9d\u00e9ral pour la tragique fusillade qui a fait une victime et cinq bless\u00e9s dans la nuit de samedi \u00e0 dimanche \u00e0 Aarau. Il a soulign\u00e9 \u00e0 ce propos que la lutte contre la criminalit\u00e9 transfrontali\u00e8re est plus actuelle que jamais et doit \u00eatre urgemment renforc\u00e9e.<\/p>\n<p>A Chiasso (TI), les deux ministres ont visit\u00e9 le Centre de coop\u00e9ration polici\u00e8re et douani\u00e8re (CCPD). Beat Jans a expliqu\u00e9 que la venue de son homologue allemand au Tessin a pour but de renforcer la collaboration avec l\u2019Allemagne.<\/p>\n<p>Alexander Dobrindt lui a fait \u00e9cho. &lsquo;Notre coop\u00e9ration contre la criminalit\u00e9 transfrontali\u00e8re et la migration ill\u00e9gale doit \u00eatre am\u00e9lior\u00e9e et nous allons poursuivre nos efforts dans ce sens&rsquo;, a-t-il soulign\u00e9.<\/p>\n<p>L\u2019ouverture d\u2019un CCPD \u00e0 B\u00e2le est envisag\u00e9e dans les mois \u00e0 venir, ont indiqu\u00e9 les deux ministres.<\/p>\n<p> \/ATS<\/p>\n","protected":false},"excerpt":{"rendered":"Beat Jans a rencontr\u00e9 \u00e0 Chiasso le ministre allemand de l\u2019int\u00e9rieur Alexander Dobrindt. Ils y ont visit\u00e9 le&hellip;\n","protected":false},"author":2,"featured_media":284584,"comment_status":"","ping_status":"","sticky":false,"template":"","format":"standard","meta":{"footnotes":"","_share_on_mastodon":"0"},"categories":[4],"tags":[22,121,124,128,119,122,123,118,136,132,131,133,130,21,135,120,126,117,125,114,115,116,23,129,127,134],"class_list":["post-284583","post","type-post","status-publish","format-standard","has-post-thumbnail","category-actualites","tag-actualites","tag-ajoie","tag-animation","tag-bienne","tag-delemont","tag-franches-montagnes","tag-frequence","tag-jura","tag-jura-bernois","tag-la-chaux-de-fonds","tag-moutier","tag-neuchatel","tag-neuveville","tag-news","tag-payerne","tag-porrentruy","tag-publicite","tag-radio","tag-redaction","tag-rfj","tag-rjb","tag-rtn","tag-suisse","tag-tavannes","tag-vallon-de-st-imier","tag-yverdon"],"share_on_mastodon":{"url":"https:\/\/pubeurope.com\/@ch_fr\/117190640757675008","error":""},"_links":{"self":[{"href":"https:\/\/www.europesays.com\/ch-fr\/wp-json\/wp\/v2\/posts\/284583","targetHints":{"allow":["GET"]}}],"collection":[{"href":"https:\/\/www.europesays.com\/ch-fr\/wp-json\/wp\/v2\/posts"}],"about":[{"href":"https:\/\/www.europesays.com\/ch-fr\/wp-json\/wp\/v2\/types\/post"}],"author":[{"embeddable":true,"href":"https:\/\/www.europesays.com\/ch-fr\/wp-json\/wp\/v2\/users\/2"}],"replies":[{"embeddable":true,"href":"https:\/\/www.europesays.com\/ch-fr\/wp-json\/wp\/v2\/comments?post=284583"}],"version-history":[{"count":0,"href":"https:\/\/www.europesays.com\/ch-fr\/wp-json\/wp\/v2\/posts\/284583\/revisions"}],"wp:featuredmedia":[{"embeddable":true,"href":"https:\/\/www.europesays.com\/ch-fr\/wp-json\/wp\/v2\/media\/284584"}],"wp:attachment":[{"href":"https:\/\/www.europesays.com\/ch-fr\/wp-json\/wp\/v2\/media?parent=284583"}],"wp:term":[{"taxonomy":"category","embeddable":true,"href":"https:\/\/www.europesays.com\/ch-fr\/wp-json\/wp\/v2\/categories?post=284583"},{"taxonomy":"post_tag","embeddable":true,"href":"https:\/\/www.europesays.com\/ch-fr\/wp-json\/wp\/v2\/tags?post=284583"}],"curies":[{"name":"wp","href":"https:\/\/api.w.org\/{rel}","templated":true}]}}