{"id":284641,"date":"2026-08-31T15:28:09","date_gmt":"2026-08-31T15:28:09","guid":{"rendered":"https:\/\/www.europesays.com\/ch-fr\/284641\/"},"modified":"2026-08-31T15:28:09","modified_gmt":"2026-08-31T15:28:09","slug":"jodie-foster-beneficie-dune-retrospective-a-la-cinematheque-suisse","status":"publish","type":"post","link":"https:\/\/www.europesays.com\/ch-fr\/284641\/","title":{"rendered":"Jodie Foster b\u00e9n\u00e9ficie d&rsquo;une r\u00e9trospective \u00e0 la Cin\u00e9math\u00e8que suisse"},"content":{"rendered":"<p>&lsquo;Taxi Driver&rsquo;, &lsquo;Le Silence des agneaux&rsquo; ou &lsquo;Panic Room&rsquo;. Jusqu&rsquo;au 30 octobre, la Cin\u00e9math\u00e8que suisse \u00e0 Lausanne projette dix-sept films de Jodie Foster. Derri\u00e8re l&rsquo;ic\u00f4ne hollywoodienne et la r\u00e9alisatrice engag\u00e9e se cache aussi une francophile qui ma\u00eetrise la langue de Moli\u00e8re \u00e0 la perfection.<\/p>\n<p>En cinquante ans de carri\u00e8re, Jodie Foster a r\u00e9ussi \u00e0 naviguer entre grands succ\u00e8s populaires, films d&rsquo;auteur et r\u00e9alisations personnelles. N\u00e9e en 1962 \u00e0 Los Angeles, elle commence par tourner, tr\u00e8s jeune, dans des s\u00e9ries t\u00e9l\u00e9vis\u00e9es avant de s&rsquo;imposer au cin\u00e9ma, y compris du c\u00f4t\u00e9 des r\u00e9alisateurs francophones.<\/p>\n<p>Si Jodie Foster ma\u00eetrise le fran\u00e7ais \u00e0 la perfection, ce n&rsquo;est ni le fruit du hasard ni un simple hobby d&rsquo;adulte. C&rsquo;est le r\u00e9sultat d&rsquo;une immersion scolaire pr\u00e9coce et intensive voulue par la m\u00e8re de l&rsquo;actrice. Au d\u00e9but des ann\u00e9es 1970, Brandy Foster, qui g\u00e8re la carri\u00e8re naissante de sa fille, revient d&rsquo;un voyage en Europe fascin\u00e9e par la culture fran\u00e7aise. Dans la foul\u00e9e, elle d\u00e9cide d&rsquo;inscrire Jodie au Lyc\u00e9e fran\u00e7ais de Los Angeles. Tous les cours y sont donn\u00e9s en fran\u00e7ais et l&rsquo;adaptation est brutale pour la petite fille de neuf ans.<\/p>\n<p>Des ann\u00e9es plus tard, lors d&rsquo;une interview, l&rsquo;actrice fera cette confession: \u00ab\u00a0J&rsquo;ai pleur\u00e9 pendant six mois tellement c&rsquo;\u00e9tait dur\u00a0\u00bb. Surmontant les difficult\u00e9s, elle finira par d\u00e9vorer les po\u00e8mes de Baudelaire avant de passer son bac avec mention, puis d&rsquo;encha\u00eener avec des \u00e9tudes de litt\u00e9rature \u00e0 la prestigieuse universit\u00e9 de Yale.<\/p>\n<p>Premiers r\u00f4les en fran\u00e7ais<\/p>\n<p>A 14 ans, Jodie Foster incarne Isabelle Tristan, une lyc\u00e9enne espi\u00e8gle et rebelle, dans &lsquo;Moi, fleur bleue&rsquo; de Eric Le Hung. Il s&rsquo;agit de son premier film en langue fran\u00e7aise et elle y partage l&rsquo;affiche aux c\u00f4t\u00e9s des monstres sacr\u00e9s que sont Jean Yanne et Bernard Giraudeau.<\/p>\n<p>Pour accompagner la sortie du film, Jodie Foster interpr\u00e8te une ballade en anglais. Ballade qui sera aussi adapt\u00e9e en fran\u00e7ais par Pierre Delano\u00eb\u00a0(l&rsquo;homme derri\u00e8re les tubes de Joe Dassin, Michel Fugain et Michel Sardou). Le titre devient &lsquo;Je t&rsquo;attends depuis la nuit des temps.&rsquo;<\/p>\n<p>Contenu externe<\/p>\n<p> Ce contenu externe ne peut pas \u00eatre affich\u00e9 car il est susceptible de collecter des donn\u00e9es personnelles. Pour voir ce contenu vous devez autoriser la cat\u00e9gorie R\u00e9seaux sociaux. <\/p>\n<p> Accepter Plus d&rsquo;info <\/p>\n<p>    Doublages et cons\u00e9cration<\/p>\n<p>Une autre particularit\u00e9 \u00e0 souligner: l&rsquo;actrice am\u00e9ricaine a tenu \u00e0 assurer elle-m\u00eame son propre doublage en fran\u00e7ais pour la quasi-totalit\u00e9 de ses films, y compris les blockbusters qui jalonnent sa carri\u00e8re.<\/p>\n<p>Si vous regardez la version fran\u00e7aise du &lsquo;Silence des agneaux&rsquo;, de &lsquo;Panic Room&rsquo;, de &lsquo;Contact&rsquo; ou de &lsquo;Flight Plan&rsquo;, la voix fran\u00e7aise est bien celle de Jodie Foster, m\u00eame si l&rsquo;actrice am\u00e9ricaine confie avoir une voix plus haute dans la langue de Moli\u00e8re.<\/p>\n<p>Contenu externe<\/p>\n<p> Ce contenu externe ne peut pas \u00eatre affich\u00e9 car il est susceptible de collecter des donn\u00e9es personnelles. Pour voir ce contenu vous devez autoriser la cat\u00e9gorie R\u00e9seaux sociaux. <\/p>\n<p> Accepter Plus d&rsquo;info <\/p>\n<p>Outre sa longue et impressionnante carri\u00e8re am\u00e9ricaine, Jodie Foster a aussi tourn\u00e9 avec des r\u00e9alisateurs fran\u00e7ais de renom tels que Claude Chabrol (&lsquo;Le Sang des autres&rsquo;, 1984) et Jean-Pierre Jeunet (&lsquo;Un long dimanche de fian\u00e7ailles&rsquo;, 2004).<\/p>\n<p>La v\u00e9ritable cons\u00e9cration arrive quelques ann\u00e9es plus tard avec le film &lsquo;Vie priv\u00e9e&rsquo; (2025) de Rebecca Zlotowski, dans lequel elle incarne le r\u00f4le principal. Elle y joue Lilian Steiner, une psychiatre am\u00e9ricaine install\u00e9e \u00e0 Paris et partage l&rsquo;affiche avec Daniel Auteuil et Virginie Efira.<\/p>\n<p> &gt;&gt; Revoir le sujet du 19h30 lors de la sortie du film &lsquo;Vie priv\u00e9e&rsquo; en novembre 2025\u00a0:   <img decoding=\"async\" class=\"embed-responsive-item\" loading=\"lazy\" src=\"https:\/\/www.europesays.com\/ch-fr\/wp-content\/uploads\/2026\/08\/e7xa50-29071087.image.jpeg\" alt=\"Jodie Foster joue son premier grand r\u00f4le en fran\u00e7ais dans Vie priv\u00e9e\"\/>    Jodie Foster joue son premier grand r\u00f4le en fran\u00e7ais dans Vie priv\u00e9e \/ 19h30 \/ 2 min. \/ le 26 novembre 2025 <\/p>\n<p class=\"sources\">Sarah Cl\u00e9ment<\/p>\n<p class=\"article-footnote\">&lsquo;R\u00e9trospective Jodie Foster&rsquo;, Cin\u00e9math\u00e8que Suisse, Lausanne, du 27 ao\u00fbt au 30 octobre 2026.<\/p>\n<p class=\"article-footnote\">L&rsquo;\u00e9mission Travelling sera consacr\u00e9e au film &lsquo;Les Accus\u00e9s&rsquo;, dimanche 6 septembre \u00e0 10h, et au film &lsquo;Le Silence des agneaux&rsquo;, dimanche 13 septembre \u00e0 10h sur RTS Premi\u00e8re.<\/p>\n","protected":false},"excerpt":{"rendered":"&lsquo;Taxi Driver&rsquo;, &lsquo;Le Silence des agneaux&rsquo; ou &lsquo;Panic Room&rsquo;. Jusqu&rsquo;au 30 octobre, la Cin\u00e9math\u00e8que suisse \u00e0 Lausanne projette&hellip;\n","protected":false},"author":2,"featured_media":284642,"comment_status":"","ping_status":"","sticky":false,"template":"","format":"standard","meta":{"footnotes":"","_share_on_mastodon":"0"},"categories":[10],"tags":[1608,380,384,46148,113,112,139,3842,61712,2723,177,61713,48332,61714,391,23,427],"class_list":["post-284641","post","type-post","status-publish","format-standard","has-post-thumbnail","category-divertissement","tag-acteur","tag-arts-et-divertissement","tag-cinema","tag-cinematheque-suisse","tag-divertissement","tag-entertainment","tag-film","tag-icone","tag-jodie-foster","tag-langue","tag-lausanne","tag-le-silence-des-agneaux","tag-moliere","tag-panic-room","tag-realisateur","tag-suisse","tag-tourisme"],"share_on_mastodon":{"url":"https:\/\/pubeurope.com\/@ch_fr\/117190833262537529","error":""},"_links":{"self":[{"href":"https:\/\/www.europesays.com\/ch-fr\/wp-json\/wp\/v2\/posts\/284641","targetHints":{"allow":["GET"]}}],"collection":[{"href":"https:\/\/www.europesays.com\/ch-fr\/wp-json\/wp\/v2\/posts"}],"about":[{"href":"https:\/\/www.europesays.com\/ch-fr\/wp-json\/wp\/v2\/types\/post"}],"author":[{"embeddable":true,"href":"https:\/\/www.europesays.com\/ch-fr\/wp-json\/wp\/v2\/users\/2"}],"replies":[{"embeddable":true,"href":"https:\/\/www.europesays.com\/ch-fr\/wp-json\/wp\/v2\/comments?post=284641"}],"version-history":[{"count":0,"href":"https:\/\/www.europesays.com\/ch-fr\/wp-json\/wp\/v2\/posts\/284641\/revisions"}],"wp:featuredmedia":[{"embeddable":true,"href":"https:\/\/www.europesays.com\/ch-fr\/wp-json\/wp\/v2\/media\/284642"}],"wp:attachment":[{"href":"https:\/\/www.europesays.com\/ch-fr\/wp-json\/wp\/v2\/media?parent=284641"}],"wp:term":[{"taxonomy":"category","embeddable":true,"href":"https:\/\/www.europesays.com\/ch-fr\/wp-json\/wp\/v2\/categories?post=284641"},{"taxonomy":"post_tag","embeddable":true,"href":"https:\/\/www.europesays.com\/ch-fr\/wp-json\/wp\/v2\/tags?post=284641"}],"curies":[{"name":"wp","href":"https:\/\/api.w.org\/{rel}","templated":true}]}}