{"id":284709,"date":"2026-08-31T16:11:07","date_gmt":"2026-08-31T16:11:07","guid":{"rendered":"https:\/\/www.europesays.com\/ch-fr\/284709\/"},"modified":"2026-08-31T16:11:07","modified_gmt":"2026-08-31T16:11:07","slug":"a1-un-camion-en-feu-perturbe-le-trafic-pres-de-cossonay","status":"publish","type":"post","link":"https:\/\/www.europesays.com\/ch-fr\/284709\/","title":{"rendered":"A1 : un camion en feu perturbe le trafic pr\u00e8s de Cossonay"},"content":{"rendered":"\n<p>Un camion a pris feu lundi sur l&rsquo;A1 entre Cossonay et La Sarraz dans le canton de Vaud.L&rsquo;autoroute A1 est ferm\u00e9e dans les deux sens \u00e0 la hauteur de la sortie Cossonay, selon la police vaudoise.Les circonstances du sinistre et l&rsquo;\u00e9tat du conducteur restent inconnus pour l&rsquo;instant.<\/p>\n<p>Ce r\u00e9sum\u00e9 a-t-il \u00e9t\u00e9 utile ?<\/p>\n<p>    \u2139\ufe0f R\u00e9sum\u00e9 propos\u00e9 par l&rsquo;IA et valid\u00e9 par nos journalistes. <a class=\"article-summary-info__link\" href=\"https:\/\/www.rts.ch\/entreprise\/2025\/article\/charte-sur-l-utilisation-de-l-ia-a-la-rts-29020587.html\" rel=\"nofollow noopener\" target=\"_blank\">En savoir plus<\/a>  <\/p>\n<p> Masquer  <\/p>\n","protected":false},"excerpt":{"rendered":"Un camion a pris feu lundi sur l&rsquo;A1 entre Cossonay et La Sarraz dans le canton de Vaud.L&rsquo;autoroute&hellip;\n","protected":false},"author":2,"featured_media":284710,"comment_status":"","ping_status":"","sticky":false,"template":"","format":"standard","meta":{"footnotes":"","_share_on_mastodon":"0"},"categories":[4],"tags":[27,3410,10058,22,6130,19880,354,2334,1835,1501,4835,42274,61735,21,23],"class_list":["post-284709","post","type-post","status-publish","format-standard","has-post-thumbnail","category-actualites","tag-accident","tag-accident-de-transport","tag-accident-routier","tag-actualites","tag-autoroute","tag-camion","tag-canton-de-vaud","tag-circulation-routiere","tag-desastres","tag-desastres-et-accidents","tag-dossiers","tag-gendarmerie-vaudoise","tag-la-sarraz","tag-news","tag-suisse"],"share_on_mastodon":{"url":"https:\/\/pubeurope.com\/@ch_fr\/117191002276673548","error":""},"_links":{"self":[{"href":"https:\/\/www.europesays.com\/ch-fr\/wp-json\/wp\/v2\/posts\/284709","targetHints":{"allow":["GET"]}}],"collection":[{"href":"https:\/\/www.europesays.com\/ch-fr\/wp-json\/wp\/v2\/posts"}],"about":[{"href":"https:\/\/www.europesays.com\/ch-fr\/wp-json\/wp\/v2\/types\/post"}],"author":[{"embeddable":true,"href":"https:\/\/www.europesays.com\/ch-fr\/wp-json\/wp\/v2\/users\/2"}],"replies":[{"embeddable":true,"href":"https:\/\/www.europesays.com\/ch-fr\/wp-json\/wp\/v2\/comments?post=284709"}],"version-history":[{"count":0,"href":"https:\/\/www.europesays.com\/ch-fr\/wp-json\/wp\/v2\/posts\/284709\/revisions"}],"wp:featuredmedia":[{"embeddable":true,"href":"https:\/\/www.europesays.com\/ch-fr\/wp-json\/wp\/v2\/media\/284710"}],"wp:attachment":[{"href":"https:\/\/www.europesays.com\/ch-fr\/wp-json\/wp\/v2\/media?parent=284709"}],"wp:term":[{"taxonomy":"category","embeddable":true,"href":"https:\/\/www.europesays.com\/ch-fr\/wp-json\/wp\/v2\/categories?post=284709"},{"taxonomy":"post_tag","embeddable":true,"href":"https:\/\/www.europesays.com\/ch-fr\/wp-json\/wp\/v2\/tags?post=284709"}],"curies":[{"name":"wp","href":"https:\/\/api.w.org\/{rel}","templated":true}]}}