{"id":284745,"date":"2026-08-31T16:44:11","date_gmt":"2026-08-31T16:44:11","guid":{"rendered":"https:\/\/www.europesays.com\/ch-fr\/284745\/"},"modified":"2026-08-31T16:44:11","modified_gmt":"2026-08-31T16:44:11","slug":"chambery-patrick-bruel-au-phare-le-22-octobre-des-associations-demandent-lannulation-de-son-concert-le-dauphine-libere","status":"publish","type":"post","link":"https:\/\/www.europesays.com\/ch-fr\/284745\/","title":{"rendered":"Chamb\u00e9ry. Patrick Bruel au Phare le 22 octobre : des associations demandent l&#039;annulation de son concert &#8211; Le Dauphin\u00e9 Lib\u00e9r\u00e9"},"content":{"rendered":"<p><a href=\"https:\/\/news.google.com\/rss\/articles\/CBMi5AFBVV95cUxQVFFMMWJpZTcyOGhsRFRSNHI5WjBObFQ0a1JwX29Xa0d2ZlVBSlNkWldxcmZQdDljWG81TjVnVE1MNTZJZkxaZ0NBeEFVWHgzS096V3k3M0RjM3RqTmdQcWVrQ3dHNU9nSDJ6TTBpNFlrV014OEVSX0ZXVjhCS1dyUXl2YndVM0wxajNBcjRzSVJ5YUV1a0xyVzJEeTVYVzhSMnB2SEJfU0lUeVU0QjFzLXNHNVIweEdBcHRNY2JOb0w1SWljQmI3R1EwTnRKcFhiS0Fjbkdqc2JjZWVJTGc1bkZuOXE?oc=5\" target=\"_blank\" rel=\"nofollow noopener\">Chamb\u00e9ry. Patrick Bruel au Phare le 22 octobre : des associations demandent l&rsquo;annulation de son concert<\/a>&nbsp;&nbsp;Le Dauphin\u00e9 Lib\u00e9r\u00e9<a href=\"https:\/\/news.google.com\/rss\/articles\/CBMi2AJBVV95cUxOWkZja1k3NmtrdFdiRnpqSFVocjJ1WW5XWXBpd0k2cnRJSEJZVk4xRkJxV0hSM1p2bWVGTHpfX2t6QW1lcWlpNDFKaHZqQmJlSmlPRGhNU2dVeGhVN0JyQkljTDBGUGF5bjREQU5UOEZJamN3NXdmWnVLaW44SkdjRFZrUS1ENG15MGNMMGZuREhPS1dBNUtWd1RHdEZpQXM1R2Vwd2ttdFJCWWZ3ckVBMHJPM0g5eGdFSGI4S1V1QzBxY2ZheGdnSktyUGN6ZWotUXZxVEx2RHN2dnZCY3c1TkRTdVVJV2xyeFl3S2VrVXYwUWk2ZlJRVmtRS01NSkVJWWpZN24wbVFnV0FwdVF6eHN5WlpKSmFiZG9IVi1LaXB3S2JpbElybVhfUWJnb21VelE4aDBQbmdwdmtPbExEWUdrXzk2bk9MV3Jyd0Q3UDJTT01PSW1XdQ?oc=5\" target=\"_blank\" rel=\"nofollow noopener\">\u00ab\u00a0\u00c7a ne va pas se passer comme \u00e7a\u00a0\u00bb : alors que Patrick Bruel maintient sa tourn\u00e9e, Salon F\u00e9ministe promet plusieurs mobilisations<\/a>&nbsp;&nbsp;France 3 R\u00e9gions<a href=\"https:\/\/news.google.com\/rss\/articles\/CBMi1wFBVV95cUxOLUZQa0w5ZGRXRWlYa2xlc3A1cHlLM2ZxbWVxdllXal9oR2FrU1lMdXh3dzFnSWxQeEVxeTN4QUxPSUpBc0dlWm52d2IzV1djLUUwVndLWkNjdFd4Qkt2MkFoeHBoVXhjTnhkU3hTNEVvSmZfWHpVTzFVX1ZKd2JacWsta3ZCS1libE44YlZVNU4xRXVIMDBzNWh2cWZZbms1cWJGbnQ0V3F6MTlWMmpiYkNZaE9WTjVZZmd6ajRuMl9LMG5WY2JfSV91OWtPSXpBYU9xcTZzdw?oc=5\" target=\"_blank\" rel=\"nofollow noopener\">Saint-\u00c9tienne. Concert de Patrick Bruel en novembre : le maire R\u00e9gis Juanico dit toujours non<\/a>&nbsp;&nbsp;Le Progr\u00e8s<a href=\"https:\/\/news.google.com\/rss\/articles\/CBMiyAFBVV95cUxNV2lJSnIyVUtlU0F0bk41eUlDbS03SXB5cjVvUzlSVV83b2MtMnpCam0tNzd3d3Rzell4THF2MUxsNG9jLXJyUlBqSnYyOUV1cEZteUg1UmxscWphY1U0UXhhLURHRVZWMjltZ3M2SGRCdGNGME9VZFo4OHFCX2VaeFBNS0NSSVpKZU1EV2FBVmF6aFJkYkRmWjZKbkFJZzd6WDhWVzJLOHdGRGJtUzNYRk1FWlpEcXFmRWNwTnZlQ2pRUG9YY1Zacg?oc=5\" target=\"_blank\" rel=\"nofollow noopener\">Le maire de Toulouse s\u2019ent\u00eate dans son refus de d\u00e9noncer la venue de Patrick Bruel<\/a>&nbsp;&nbsp;Mediapart<a href=\"https:\/\/news.google.com\/rss\/articles\/CBMi-wFBVV95cUxNdnpCUHZWenhTcktkR2VKdEk0MnNXSXlUSU5yaXI4MFlLSjJUQ0xWVlE4Rmp6QlAxaDNWemtDUU9ZSHBXLXplZ2J2R2RIV0tpRERuc1B6X253ZnJZMkNkOUxfQXlzMUcxeGhkdmtwZ2p0TnB1MWJUaVZQMldGOXhNMFZHcUVyOU5ubkZ5OVV1NGdXVXRvM0lMQlpDMVlkdVZjZnRuSFNsN1FnQzRWQjBCek5NWVh6aXZkYnhscTR4VlI0WUN3MXVCNHRfR0JZZTJtUVpDUmdwdE83UlIxNDVIYm9pUkM3eUFRa2JkZVFGRnE4akFVSkpyVmFIdw?oc=5\" target=\"_blank\" rel=\"nofollow noopener\">\u00ab \u00c0 vomir \u00bb : le d\u00e9put\u00e9 RN Julien Odoul d\u00e9fend Patrick Bruel et \u00e9voque de \u00ab faux t\u00e9moignages \u00bb \u00e9manant de \u00ab femmes malveillantes \u00bb<\/a>&nbsp;&nbsp;Nice-Matin<\/p>\n","protected":false},"excerpt":{"rendered":"Chamb\u00e9ry. Patrick Bruel au Phare le 22 octobre : des associations demandent l&rsquo;annulation de son concert&nbsp;&nbsp;Le Dauphin\u00e9 Lib\u00e9r\u00e9\u00ab\u00a0\u00c7a&hellip;\n","protected":false},"author":2,"featured_media":284746,"comment_status":"","ping_status":"","sticky":false,"template":"","format":"standard","meta":{"footnotes":"","_share_on_mastodon":"0"},"categories":[12],"tags":[22392,23193,3594,113,3598,3599,112,3488,140,141,22393,238,23],"class_list":["post-284745","post","type-post","status-publish","format-standard","has-post-thumbnail","category-musique","tag-aix-les-bains","tag-albertville","tag-chambery","tag-divertissement","tag-edition-chambery-aix-les-bains","tag-edition-tarentaise-maurienne","tag-entertainment","tag-faits-divers-justice","tag-music","tag-musique","tag-saint-jean-de-maurienne","tag-societe","tag-suisse"],"share_on_mastodon":{"url":"https:\/\/pubeurope.com\/@ch_fr\/117191132194474492","error":""},"_links":{"self":[{"href":"https:\/\/www.europesays.com\/ch-fr\/wp-json\/wp\/v2\/posts\/284745","targetHints":{"allow":["GET"]}}],"collection":[{"href":"https:\/\/www.europesays.com\/ch-fr\/wp-json\/wp\/v2\/posts"}],"about":[{"href":"https:\/\/www.europesays.com\/ch-fr\/wp-json\/wp\/v2\/types\/post"}],"author":[{"embeddable":true,"href":"https:\/\/www.europesays.com\/ch-fr\/wp-json\/wp\/v2\/users\/2"}],"replies":[{"embeddable":true,"href":"https:\/\/www.europesays.com\/ch-fr\/wp-json\/wp\/v2\/comments?post=284745"}],"version-history":[{"count":0,"href":"https:\/\/www.europesays.com\/ch-fr\/wp-json\/wp\/v2\/posts\/284745\/revisions"}],"wp:featuredmedia":[{"embeddable":true,"href":"https:\/\/www.europesays.com\/ch-fr\/wp-json\/wp\/v2\/media\/284746"}],"wp:attachment":[{"href":"https:\/\/www.europesays.com\/ch-fr\/wp-json\/wp\/v2\/media?parent=284745"}],"wp:term":[{"taxonomy":"category","embeddable":true,"href":"https:\/\/www.europesays.com\/ch-fr\/wp-json\/wp\/v2\/categories?post=284745"},{"taxonomy":"post_tag","embeddable":true,"href":"https:\/\/www.europesays.com\/ch-fr\/wp-json\/wp\/v2\/tags?post=284745"}],"curies":[{"name":"wp","href":"https:\/\/api.w.org\/{rel}","templated":true}]}}