{"id":284751,"date":"2026-08-31T16:48:10","date_gmt":"2026-08-31T16:48:10","guid":{"rendered":"https:\/\/www.europesays.com\/ch-fr\/284751\/"},"modified":"2026-08-31T16:48:10","modified_gmt":"2026-08-31T16:48:10","slug":"barcola-lattaquant-francais-quitte-le-psg-pour-liverpool","status":"publish","type":"post","link":"https:\/\/www.europesays.com\/ch-fr\/284751\/","title":{"rendered":"Barcola: l\u2019attaquant fran\u00e7ais quitte le PSG pour Liverpool"},"content":{"rendered":"\n<p>        \u2013   <\/p>\n<p> Bradley Barcola quitte le PSG pour Liverpool <\/p>\n<p class=\"lead regular externalicon-big astro-odojtzmo\"> L\u2019ailier fran\u00e7ais de 23\u00a0ans rejoint les Reds pour 145\u00a0millions d\u2019euros. Un montant qui pulv\u00e9rise le record de vente de la Ligue\u00a01.  <\/p>\n<p>               Mis \u00e0 jour il y a 1 heure                             LinkedIn Lien copi\u00e9 Error occurred        Facebook Lien copi\u00e9 Error occurred        X Lien copi\u00e9 Error occurred           E-mail Lien copi\u00e9 Error occurred        Copier le lien Lien copi\u00e9 Error occurred                    <img decoding=\"async\" loading=\"eager\" fetchpriority=\"high\" src=\"https:\/\/www.europesays.com\/ch-fr\/wp-content\/uploads\/2026\/08\/8wyNWVcTqPA85awXvmiaTU.jpg\" data-image-url=\"https:\/\/www.europesays.com\/ch-fr\/wp-content\/uploads\/2026\/08\/8wyNWVcTqPA85awXvmiaTU.jpg\" alt=\"Bradley Barcola du PSG c\u00e9l\u00e8bre son but face \u00e0 Chelsea en Ligue des champions au Parc des Princes, le poing lev\u00e9, maillot Qatar Airways.\" title=\"Bradley Barcola du PSG c\u00e9l\u00e8bre son but face \u00e0 Chelsea en Ligue des champions au Parc des Princes, le poing lev\u00e9, maillot Qatar Airways.\" class=\"ResponsiveImage responsive-image astro-xbt4piv4\" style=\"background-color:#6F573D\" onload=\"this.style.backgroundColor = &quot;transparent&quot;\"\/>           <\/p>\n<p>Bradley Barcola va renforcer l\u2019attaque de Liverpool, qui sort d\u2019une saison d\u00e9cevante.<\/p>\n<p> FRANCK FIFE\/AFP<\/p>\n<p class=\"astro-gkn4pfbc articleParagraph externalicon-big focus _content-width article-element astro-bqhs6jcx\">L\u2019attaquant fran\u00e7ais Bradley Barcola, <a class=\"noExternalIcon astro-bqhs6jcx\" target=\"_self\" href=\"https:\/\/www.24heures.ch\/supercoupe-deurope-le-psg-simpose-face-a-aston-villa-687140803186\" data-article-link=\"https:\/\/www.24heures.ch\/supercoupe-deurope-le-psg-simpose-face-a-aston-villa-687140803186\" rel=\"nofollow noopener\">double champion d\u2019Europe<\/a> avec le PSG, a officiellement rejoint <a class=\" astro-bqhs6jcx\" target=\"_blank\" rel=\"noopener noreferrer nofollow\" href=\"https:\/\/www.liverpoolfc.com\/fr\" data-article-link=\"https:\/\/www.liverpoolfc.com\/fr\">Liverpool<\/a> lundi apr\u00e8s un transfert \u00e0 145\u00a0millions d\u2019euros (bonus compris), selon une source proche du club parisien.<\/p>\n<p class=\"hint astro-27fpiggi\">\u00c0 ce stade, vous trouverez des contenus externes suppl\u00e9mentaires. Si vous acceptez que des cookies soient plac\u00e9s par des fournisseurs externes et que des donn\u00e9es personnelles soient ainsi transmises \u00e0 ces derniers, vous devez autoriser tous les cookies et afficher directement le contenu externe.<\/p>\n<p>  Autoriser les cookies   Plus d&rsquo;infos    <\/p>\n<p class=\"astro-gkn4pfbc articleParagraph externalicon-big focus _content-width article-element astro-bqhs6jcx\">\u00abBradley Barcola est un Red. Allez les Rouges (ndlr: traduction en fran\u00e7ais)\u00bb, a \u00e9crit Liverpool sur son compte\u00a0X, en postant une vid\u00e9o du joueur \u00e0 Anfield. \u00abApr\u00e8s trois saisons pleines sous les couleurs du Paris Saint-Germain, Bradley Barcola rejoint le Liverpool FC\u00bb, a de son c\u00f4t\u00e9 annonc\u00e9 le PSG dans un communiqu\u00e9.<\/p>\n<p>  Plus grosse vente par un club Ligue\u00a01<\/p>\n<p class=\"astro-gkn4pfbc articleParagraph externalicon-big focus _content-width article-element astro-bqhs6jcx\">Selon une source proche du club parisien, le montant de ce transfert atteint \u00ab125\u00a0millions d\u2019euros et 20\u00a0millions d\u2019euros de bonus faciles \u00e0 atteindre\u00bb.<\/p>\n<p class=\"astro-gkn4pfbc articleParagraph externalicon-big focus _content-width article-element astro-bqhs6jcx\">L\u2019ailier de 23\u00a0ans repr\u00e9sente la plus grosse vente r\u00e9alis\u00e9e par un club de Ligue\u00a01 puisqu\u2019elle \u00e9clipse le tout frais (et d\u00e9sormais d\u00e9pass\u00e9) record \u00e9tabli par le milieu axial marocain Ayyoub Bouaddi, pass\u00e9 de Lille \u00e0 Manchester City contre une indemnit\u00e9 de 100\u00a0millions d\u2019euros.<\/p>\n<p class=\"astro-gkn4pfbc articleParagraph externalicon-big focus _content-width article-element astro-bqhs6jcx\">Barcola quitte le PSG apr\u00e8s trois saisons durant lesquelles il a inscrit 39\u00a0buts et d\u00e9livr\u00e9 37\u00a0passes d\u00e9cisives.<\/p>\n<p> Un nouveau d\u00e9fi pour Barcola<\/p>\n<p class=\"astro-gkn4pfbc articleParagraph externalicon-big focus _content-width article-element astro-bqhs6jcx\">\u00abArriv\u00e9 \u00e0 Paris \u00e0 seulement 20\u00a0ans, il y aura grandi et beaucoup progress\u00e9, tout en remportant treize troph\u00e9es et en contribuant \u00e0 \u00e9crire l\u2019une des plus belles pages de l\u2019histoire du Paris Saint-Germain. Par son talent et les \u00e9motions qu\u2019il aura offertes aux supporters, Bradley restera dans le c\u0153ur des Parisiens\u00bb, a \u00e9crit son ancien club.<\/p>\n<p class=\"hint astro-27fpiggi\">\u00c0 ce stade, vous trouverez des contenus externes suppl\u00e9mentaires. Si vous acceptez que des cookies soient plac\u00e9s par des fournisseurs externes et que des donn\u00e9es personnelles soient ainsi transmises \u00e0 ces derniers, vous devez autoriser tous les cookies et afficher directement le contenu externe.<\/p>\n<p>  Autoriser les cookies   Plus d&rsquo;infos    <\/p>\n<p class=\"astro-gkn4pfbc articleParagraph externalicon-big focus _content-width article-element astro-bqhs6jcx\">\u00c0 deux ans de sa fin de contrat, Barcola a choisi de partir \u00e0 l\u2019\u00e9tranger pour relever un nouveau d\u00e9fi \u00e0 Liverpool, champion d\u2019Angleterre 2025, qui sort d\u2019une derni\u00e8re saison d\u00e9cevante, achev\u00e9e \u00e0 la cinqui\u00e8me place.<\/p>\n<p class=\"astro-gkn4pfbc articleParagraph externalicon-big focus _content-width article-element astro-bqhs6jcx\">\u00abUn g\u00e9ant du football, un club historique, la o\u00f9 on aime le bruit, les couleurs, les gens. Je l\u2019ai ressenti comme un adversaire et maintenant je suis des v\u00f4tres, ma nouvelle maison, allez les Rouges\u00bb, a-t-il d\u00e9clar\u00e9 dans une vid\u00e9o du club anglais.<\/p>\n<p> Liverpool cherche \u00e0 renforcer son effectif<\/p>\n<p class=\"astro-gkn4pfbc articleParagraph externalicon-big focus _content-width article-element astro-bqhs6jcx\">Les Reds, sous la direction d\u2019Andoni Iraola, \u00e9taient en qu\u00eate de renfort sur les ailes apr\u00e8s le d\u00e9part de Mohamed Salah en fin de saison derni\u00e8re. En plus de l\u2019Espagnol Victor Mu\u00f1oz, recrut\u00e9 cet \u00e9t\u00e9, l\u2019entra\u00eeneur a utilis\u00e9 Cody Gakpo et Rio Ngumoha.<\/p>\n<p class=\"astro-gkn4pfbc articleParagraph externalicon-big focus _content-width article-element astro-bqhs6jcx\">Joueur tr\u00e8s rapide, bon dribbleur, mais parfois maladroit dans ses derniers gestes, Barcola s\u2019\u00e9tait impos\u00e9 dans l\u2019effectif de stars du club rouge et bleu, m\u00eame si D\u00e9sir\u00e9 Dou\u00e9 lui a \u00e9t\u00e9 pr\u00e9f\u00e9r\u00e9 lors des grands rendez-vous, notamment en finales de Ligue des champions.<\/p>\n<p class=\"boxtitle astro-hwrdf5ss astro-bqhs6jcx\">Davantage sur le Paris Saint-Germain<\/p>\n","protected":false},"excerpt":{"rendered":"\u2013 Bradley Barcola quitte le PSG pour Liverpool L\u2019ailier fran\u00e7ais de 23\u00a0ans rejoint les Reds pour 145\u00a0millions d\u2019euros.&hellip;\n","protected":false},"author":2,"featured_media":284752,"comment_status":"","ping_status":"","sticky":false,"template":"","format":"standard","meta":{"footnotes":"","_share_on_mastodon":"0"},"categories":[8],"tags":[11309,9963,6488,75,23],"class_list":["post-284751","post","type-post","status-publish","format-standard","has-post-thumbnail","category-sports","tag-facts","tag-liverpool-fc","tag-paris-st-germain-psg","tag-sports","tag-suisse"],"share_on_mastodon":{"url":"https:\/\/pubeurope.com\/@ch_fr\/117191148592474959","error":""},"_links":{"self":[{"href":"https:\/\/www.europesays.com\/ch-fr\/wp-json\/wp\/v2\/posts\/284751","targetHints":{"allow":["GET"]}}],"collection":[{"href":"https:\/\/www.europesays.com\/ch-fr\/wp-json\/wp\/v2\/posts"}],"about":[{"href":"https:\/\/www.europesays.com\/ch-fr\/wp-json\/wp\/v2\/types\/post"}],"author":[{"embeddable":true,"href":"https:\/\/www.europesays.com\/ch-fr\/wp-json\/wp\/v2\/users\/2"}],"replies":[{"embeddable":true,"href":"https:\/\/www.europesays.com\/ch-fr\/wp-json\/wp\/v2\/comments?post=284751"}],"version-history":[{"count":0,"href":"https:\/\/www.europesays.com\/ch-fr\/wp-json\/wp\/v2\/posts\/284751\/revisions"}],"wp:featuredmedia":[{"embeddable":true,"href":"https:\/\/www.europesays.com\/ch-fr\/wp-json\/wp\/v2\/media\/284752"}],"wp:attachment":[{"href":"https:\/\/www.europesays.com\/ch-fr\/wp-json\/wp\/v2\/media?parent=284751"}],"wp:term":[{"taxonomy":"category","embeddable":true,"href":"https:\/\/www.europesays.com\/ch-fr\/wp-json\/wp\/v2\/categories?post=284751"},{"taxonomy":"post_tag","embeddable":true,"href":"https:\/\/www.europesays.com\/ch-fr\/wp-json\/wp\/v2\/tags?post=284751"}],"curies":[{"name":"wp","href":"https:\/\/api.w.org\/{rel}","templated":true}]}}