{"id":284877,"date":"2026-08-31T18:22:11","date_gmt":"2026-08-31T18:22:11","guid":{"rendered":"https:\/\/www.europesays.com\/ch-fr\/284877\/"},"modified":"2026-08-31T18:22:11","modified_gmt":"2026-08-31T18:22:11","slug":"ubs-la-commission-refuse-100-de-couverture-en-fonds-propres","status":"publish","type":"post","link":"https:\/\/www.europesays.com\/ch-fr\/284877\/","title":{"rendered":"UBS : la commission refuse 100% de couverture en fonds propres"},"content":{"rendered":"\n<p>La commission de l&rsquo;\u00e9conomie du Conseil des Etats refuse la couverture \u00e0 100% par fonds propres voulue par le Conseil f\u00e9d\u00e9ral pour UBS.La commission propose un compromis\u202f: 50% en fonds propres classiques et 50% en obligations AT1, redessin\u00e9es pour agir plus vite.Ce choix vise \u00e0 mieux prot\u00e9ger les contribuables suisses tout en \u00e9vitant une surcharge r\u00e9glementaire pour l&rsquo;\u00e9conomie.<\/p>\n<p>Ce r\u00e9sum\u00e9 a-t-il \u00e9t\u00e9 utile ?<\/p>\n<p>    \u2139\ufe0f R\u00e9sum\u00e9 propos\u00e9 par l&rsquo;IA et valid\u00e9 par nos journalistes. <a class=\"article-summary-info__link\" href=\"https:\/\/www.rts.ch\/entreprise\/2025\/article\/charte-sur-l-utilisation-de-l-ia-a-la-rts-29020587.html\" rel=\"nofollow noopener\" target=\"_blank\">En savoir plus<\/a>  <\/p>\n<p> Masquer  <\/p>\n","protected":false},"excerpt":{"rendered":"La commission de l&rsquo;\u00e9conomie du Conseil des Etats refuse la couverture \u00e0 100% par fonds propres voulue par&hellip;\n","protected":false},"author":2,"featured_media":284878,"comment_status":"","ping_status":"","sticky":false,"template":"","format":"standard","meta":{"footnotes":"","_share_on_mastodon":"0"},"categories":[6],"tags":[45,3521,4851,1639,44,344,43,967,7221,741,92,744,23,168],"class_list":["post-284877","post","type-post","status-publish","format-standard","has-post-thumbnail","category-economie","tag-business","tag-commission","tag-conseil-des-etats","tag-conseil-federal-suisse","tag-economie","tag-economie-et-finances","tag-economy","tag-finance","tag-financial-service","tag-gouvernement","tag-politique","tag-politique-du-gouvernement","tag-suisse","tag-ubs"],"share_on_mastodon":{"url":"https:\/\/pubeurope.com\/@ch_fr\/117191517600575489","error":""},"_links":{"self":[{"href":"https:\/\/www.europesays.com\/ch-fr\/wp-json\/wp\/v2\/posts\/284877","targetHints":{"allow":["GET"]}}],"collection":[{"href":"https:\/\/www.europesays.com\/ch-fr\/wp-json\/wp\/v2\/posts"}],"about":[{"href":"https:\/\/www.europesays.com\/ch-fr\/wp-json\/wp\/v2\/types\/post"}],"author":[{"embeddable":true,"href":"https:\/\/www.europesays.com\/ch-fr\/wp-json\/wp\/v2\/users\/2"}],"replies":[{"embeddable":true,"href":"https:\/\/www.europesays.com\/ch-fr\/wp-json\/wp\/v2\/comments?post=284877"}],"version-history":[{"count":0,"href":"https:\/\/www.europesays.com\/ch-fr\/wp-json\/wp\/v2\/posts\/284877\/revisions"}],"wp:featuredmedia":[{"embeddable":true,"href":"https:\/\/www.europesays.com\/ch-fr\/wp-json\/wp\/v2\/media\/284878"}],"wp:attachment":[{"href":"https:\/\/www.europesays.com\/ch-fr\/wp-json\/wp\/v2\/media?parent=284877"}],"wp:term":[{"taxonomy":"category","embeddable":true,"href":"https:\/\/www.europesays.com\/ch-fr\/wp-json\/wp\/v2\/categories?post=284877"},{"taxonomy":"post_tag","embeddable":true,"href":"https:\/\/www.europesays.com\/ch-fr\/wp-json\/wp\/v2\/tags?post=284877"}],"curies":[{"name":"wp","href":"https:\/\/api.w.org\/{rel}","templated":true}]}}