{"id":284943,"date":"2026-08-31T19:11:27","date_gmt":"2026-08-31T19:11:27","guid":{"rendered":"https:\/\/www.europesays.com\/ch-fr\/284943\/"},"modified":"2026-08-31T19:11:27","modified_gmt":"2026-08-31T19:11:27","slug":"neven-ancien-candidat-de-the-voice-un-rimbaud-mi-ange-mi-demon-pour-france-2","status":"publish","type":"post","link":"https:\/\/www.europesays.com\/ch-fr\/284943\/","title":{"rendered":"N\u00e9ven, ancien candidat de \u00abThe Voice\u00bb : \u00abUn Rimbaud, mi-ange mi-d\u00e9mon\u00bb pour France 2"},"content":{"rendered":"<p>    N\u00e9ven Carron lors des essais costumes de Rimbaud-Verlaine\u00a0: une saison en enfer sur France 2.<br \/>\n                Si\u00e8cle Production.<\/p>\n<p>\n    Le jeune Breton, demi-finaliste du concours de chant de TF1, interpr\u00e8te le po\u00e8te face \u00e0 F\u00e9lix Moati-Verlaine dans Une saison en enfer, s\u00e9rie bient\u00f4t en tournage pour le service public.<\/p>\n<p class=\"fig-paragraph\">\u00abDepuis tout petit, dans sa fa\u00e7on d\u2019\u00eatre, c\u2019est un r\u00eaveur N\u00e9ven, c\u2019est un po\u00e8te\u00bb, confiait avec fiert\u00e9, Elena, sa maman, en revisionnant sa prestation lors des auditions \u00e0 l\u2019aveugle de\u00a0<a href=\"http:\/\/tvmag.lefigaro.fr\/pqr-actutele\/dossier\/the-voice\" data-fig-type=\"Topic\" data-gtm-custom-categorie=\"navigation\" data-gtm-custom-action=\"crossclick\" data-gtm-custom-label=\"Contextuel\" data-gtm-event=\"customEventSPE\" data-fig-domain=\"TVMAG\" rel=\"nofollow noopener\" target=\"_blank\">\u00abThe Voice 2025\u00bb<\/a>\u00a0lors desquelles il interpr\u00e9tait Danser encore de Calogero. Elle ne pensait pas si bien dire\u00a0!<\/p>\n<p class=\"fig-paragraph\">N\u00e9ven Carron a \u00e9t\u00e9 choisi pour incarner le c\u00e9l\u00e8bre auteur du Dormeur du val ou On n\u2019est pas s\u00e9rieux quand on a 17 ans dans Rimbaud-Verlaine\u00a0: une saison en enfer, minis\u00e9rie pour France 2 en tournage \u00e0 partir du 7 septembre. \u00abEn mati\u00e8re de casting, je me fie \u00e0 mon intuition, nous confie Jean-Pierre Am\u00e9ris, r\u00e9alisateur de la fiction. Physiquement, il a quelque chose de Rimbaud comme on le conna\u00eet sur la c\u00e9l\u00e8bre photo. Il est vraiment Rimbaud tel qu\u2019on peut l\u2019imaginer, ange et d\u00e9mon.\u00bb Le cin\u00e9aste, \u00e0 qui l\u2019on doit Les Aveux de l\u2019innocent et Les Emotifs anonymes, a aussi dirig\u00e9 Louane &#8211; aux c\u00f4t\u00e9s de Michel Blanc &#8211; dans Marie-Line et son juge. Co\u00efncidence\u00a0? \u00abJ\u2019aime les chanteurs, ils ont quelque chose en eux, ils savent se pr\u00e9senter \u00e0 la cam\u00e9ra\u00bb, avoue-t-il volontiers.<\/p>\n<p>                                                <a class=\"fig-a11y-skip\" href=\"#fig-a11y-skip-main-inarticle\" is=\"fig-a11y-skip\" data-trigger-mode=\"visible-once\"><br \/>\n    Passer la publicit\u00e9<br \/>\n<\/a>            <\/p>\n<p class=\"fig-paragraph\">N\u00e9ven n\u2019est d\u2019ailleurs pas tout un fait un d\u00e9butant dans la com\u00e9die. Avant m\u00eame sa participation \u00e0 \u00abThe Voice\u00bb &#8211; il a termin\u00e9 demi-finaliste dans l\u2019\u00e9quipe de Zaz en chantant un monument\u00a0: Ne me quitte pas- , le jeune homme de 24 ans, originaire des C\u00f4tes d\u2019Armor, a jou\u00e9 dans La Malle\u2019heure, dans le cadre du festival universitaire de spectacle vivant \u00e0 Lille &#8211; pi\u00e8ce reprise en 2025 \u00e0 Ivry-sur-Seine. On l\u2019a aussi vu dans un moyen m\u00e9trage, Eden et Charlie, mis en sc\u00e8ne par Beno\u00eet Duvette, et pour lequel il pr\u00eatait sa voix \u00e0 un des titres de la bande originale. Des exp\u00e9riences qui lui ont permis d\u2019ext\u00e9rioriser apr\u00e8s de longs mois d\u2019hospitalisation pour des troubles obsessionnels compulsifs graves \u00e0 l\u2019adolescence. \u00abC\u2019est \u00e0 cette p\u00e9riode que je me suis rendu compte que la musique et l\u2019art me portaient vraiment\u00bb, d\u00e9clarait N\u00e9ven en 2025 \u00e0 Ouest France.<\/p>\n<p>                                                F\u00e9lix Moati dans la peau de Verlaine<\/p>\n<p class=\"fig-paragraph\">\u00c9galement au g\u00e9n\u00e9rique de cette minis\u00e9rie en quatre \u00e9pisodes\u00a0: F\u00e9lix Moati dans le r\u00f4le Verlaine, Zo\u00e9 Adjani (Mathilde Verlaine), St\u00e9phane De Groodt (le p\u00e8re de Mathilde), Fran\u00e7ois Berl\u00e9and (le juge belge Th\u00e9odore t\u2019Serstevens qui poursuit les amants), Alexandre Vizorek (le po\u00e8te Theodore de Banville)&#8230; Rimbaud-Verlaine une saison en enfer se concentre sur la p\u00e9riode courant de septembre 1871- l\u2019arriv\u00e9e de Rimbaud \u00e0 Paris et sa rencontre avec Verlaine &#8211; et juillet 1873 &#8211; le proc\u00e8s de Bruxelles apr\u00e8s le coup de feu que Verlaine tire sur Rimbaud en le blessant.<\/p>\n<p>                                                Tournage \u00e0 Charleville-M\u00e9zi\u00e8re<\/p>\n<p class=\"fig-paragraph\">Au sc\u00e9nario, le tandem de\u00a0<a href=\"http:\/\/tvmag.lefigaro.fr\/programme-tv\/actu-tele\/serie-la-folle-jeunesse-de-george-sand-sur-france-2-20250410\" data-fig-type=\"Article\" data-gtm-custom-categorie=\"navigation\" data-gtm-custom-action=\"crossclick\" data-gtm-custom-label=\"Contextuel\" data-gtm-event=\"customEventSPE\" data-fig-domain=\"TVMAG\" rel=\"nofollow noopener\" target=\"_blank\">La Rebelle\u00a0: les aventures de la jeune George Sand<\/a> \u00a0se reforme\u00a0: Henri Helman et Georges-Marc Benamou (La Peste,\u00a0<a href=\"http:\/\/tvmag.lefigaro.fr\/programme-tv\/series\/le-rouge-et-le-noir-faut-il-regarder-la-nouvelle-adaptation-de-l-oeuvre-de-stendhal-avec-victor-belmondo-20260831\" data-fig-type=\"Article\" data-gtm-custom-categorie=\"navigation\" data-gtm-custom-action=\"crossclick\" data-gtm-custom-label=\"Contextuel\" data-gtm-event=\"customEventSPE\" data-fig-domain=\"TVMAG\" rel=\"nofollow noopener\" target=\"_blank\">Le Rouge et le Noir,<\/a> \u00a0actuellement sur France 2), \u00e9galement producteur de la s\u00e9rie. \u00abC\u2019est important de montrer les affres de la passion artistiques, comme les affres de la passion amoureuse et charnelle, poursuit Jean-Piere Am\u00e9ris. C\u2019est une histoire d\u2019amour complexe. Cet amour s\u2019est v\u00e9rifi\u00e9. Apr\u00e8s avoir tir\u00e9 sur Rimbaud et fait ses deux ans de prison, Verlaine ne l\u2019a jamais oubli\u00e9. Il a tout fait pour qu\u2019il soit reconnu et publi\u00e9. Rimbaud, lui, n\u2019a jamais t\u00e9moign\u00e9 contre Verlaine et l\u2019a toujours respect\u00e9 en tant qu\u2019artiste.\u00bb Le tournage se d\u00e9roulera \u00e0 Metz, Nancy, Bruxelles, Li\u00e8ge, dans les Hauts-de-France, et dans la maison natale d\u2019Arthur Rimbaud, \u00e0 Charleville-M\u00e9zi\u00e8res, une premi\u00e8re\u00a0!<\/p>\n","protected":false},"excerpt":{"rendered":"N\u00e9ven Carron lors des essais costumes de Rimbaud-Verlaine\u00a0: une saison en enfer sur France 2. Si\u00e8cle Production. Le&hellip;\n","protected":false},"author":2,"featured_media":284944,"comment_status":"","ping_status":"","sticky":false,"template":"","format":"standard","meta":{"footnotes":"","_share_on_mastodon":"0"},"categories":[13],"tags":[113,112,758,61789,23,142],"class_list":["post-284943","post","type-post","status-publish","format-standard","has-post-thumbnail","category-television","tag-divertissement","tag-entertainment","tag-france-2","tag-rimbaud","tag-suisse","tag-television"],"share_on_mastodon":{"url":"https:\/\/pubeurope.com\/@ch_fr\/117191710099970497","error":""},"_links":{"self":[{"href":"https:\/\/www.europesays.com\/ch-fr\/wp-json\/wp\/v2\/posts\/284943","targetHints":{"allow":["GET"]}}],"collection":[{"href":"https:\/\/www.europesays.com\/ch-fr\/wp-json\/wp\/v2\/posts"}],"about":[{"href":"https:\/\/www.europesays.com\/ch-fr\/wp-json\/wp\/v2\/types\/post"}],"author":[{"embeddable":true,"href":"https:\/\/www.europesays.com\/ch-fr\/wp-json\/wp\/v2\/users\/2"}],"replies":[{"embeddable":true,"href":"https:\/\/www.europesays.com\/ch-fr\/wp-json\/wp\/v2\/comments?post=284943"}],"version-history":[{"count":0,"href":"https:\/\/www.europesays.com\/ch-fr\/wp-json\/wp\/v2\/posts\/284943\/revisions"}],"wp:featuredmedia":[{"embeddable":true,"href":"https:\/\/www.europesays.com\/ch-fr\/wp-json\/wp\/v2\/media\/284944"}],"wp:attachment":[{"href":"https:\/\/www.europesays.com\/ch-fr\/wp-json\/wp\/v2\/media?parent=284943"}],"wp:term":[{"taxonomy":"category","embeddable":true,"href":"https:\/\/www.europesays.com\/ch-fr\/wp-json\/wp\/v2\/categories?post=284943"},{"taxonomy":"post_tag","embeddable":true,"href":"https:\/\/www.europesays.com\/ch-fr\/wp-json\/wp\/v2\/tags?post=284943"}],"curies":[{"name":"wp","href":"https:\/\/api.w.org\/{rel}","templated":true}]}}