{"id":285015,"date":"2026-08-31T20:10:12","date_gmt":"2026-08-31T20:10:12","guid":{"rendered":"https:\/\/www.europesays.com\/ch-fr\/285015\/"},"modified":"2026-08-31T20:10:12","modified_gmt":"2026-08-31T20:10:12","slug":"ananda-devi-ce-roman-mest-venu-avec-la-force-dune-avalanche","status":"publish","type":"post","link":"https:\/\/www.europesays.com\/ch-fr\/285015\/","title":{"rendered":"Ananda Devi: \u00abCe roman m&rsquo;est venu avec la force d&rsquo;une avalanche\u00bb"},"content":{"rendered":"<p>    R\u00e9sum\u00e9 en 20 secondes<\/p>\n<p>        En savoir plus sur ce type de contenu<\/p>\n<p>Ce r\u00e9sum\u00e9 peut avoir \u00e9t\u00e9 \u00e9crit avec l&rsquo;assistance d\u2019une IA g\u00e9n\u00e9rative. <a href=\"https:\/\/www.letemps.ch\/cyber\/l-usage-de-l-ia-generative-par-les-journalistes-du-temps\" rel=\"nofollow noopener\" target=\"_blank\">En savoir plus<\/a><\/p>\n<p class=\"article__abstract-call-to-action\" data-ariato=\"TrackableElement\" data-trackable-element-type=\"article_abstract_cta\" data-trackable-element-location=\"article_header\" data-trackable-element-id=\"541190\">\n        <a data-event=\"click-&gt;clicked\" href=\"https:\/\/www.letemps.ch\/abonnements\" rel=\"nofollow noopener\" target=\"_blank\">Abonnez-vous<\/a> pour acc\u00e9der au r\u00e9sum\u00e9 en 20 secondes.\n      <\/p>\n<p>A l\u2019heure de l\u2019\u00e9bahissement devant la puissance des outils num\u00e9riques, la fiction romanesque n\u2019a pas dit son dernier mot. Ni son avant-dernier. En cette rentr\u00e9e 2026, s\u2019il est un roman qui ouvre grand les fen\u00eatres de l\u2019imaginaire, qui puise aux mythes, \u00e0 la magie, qui accueille des personnages plus grands que nature, qui fait le choix de l\u2019aventure comme moteur po\u00e9tique et de la saga familiale comme agent onirique, c\u2019est Chronique d\u2019un royaume perdu, d\u2019Ananda Devi.<\/p>\n<p>Ces ingr\u00e9dients ont toujours ponctu\u00e9 une \u0153uvre vaste, d\u00e9but\u00e9e \u00e0 la fin des ann\u00e9es 1970, qui a fait de l\u2019\u00eele Maurice, ce \u00abconfetti\u00bb dans l\u2019immensit\u00e9 oc\u00e9anique, un territoire litt\u00e9raire sans limites. Une m\u00e9taphore aussi de l\u2019affolante beaut\u00e9 du monde et de sa destruction par ses habitants humains; d\u2019un \u00e9crin devenu terre d\u2019esclavage et de mis\u00e8re sociale. L\u2019\u00eele idyllique comme un laboratoire des pr\u00e9dations maladives et de leurs m\u00e9tastases.<\/p>\n","protected":false},"excerpt":{"rendered":"R\u00e9sum\u00e9 en 20 secondes En savoir plus sur ce type de contenu Ce r\u00e9sum\u00e9 peut avoir \u00e9t\u00e9 \u00e9crit&hellip;\n","protected":false},"author":2,"featured_media":285016,"comment_status":"","ping_status":"","sticky":false,"template":"","format":"standard","meta":{"footnotes":"","_share_on_mastodon":"0"},"categories":[10],"tags":[172,113,112,1260,389,174,23],"class_list":["post-285015","post","type-post","status-publish","format-standard","has-post-thumbnail","category-divertissement","tag-culture","tag-divertissement","tag-entertainment","tag-entre-temps","tag-litterature","tag-premium","tag-suisse"],"share_on_mastodon":{"url":"https:\/\/pubeurope.com\/@ch_fr\/117191942424212090","error":""},"_links":{"self":[{"href":"https:\/\/www.europesays.com\/ch-fr\/wp-json\/wp\/v2\/posts\/285015","targetHints":{"allow":["GET"]}}],"collection":[{"href":"https:\/\/www.europesays.com\/ch-fr\/wp-json\/wp\/v2\/posts"}],"about":[{"href":"https:\/\/www.europesays.com\/ch-fr\/wp-json\/wp\/v2\/types\/post"}],"author":[{"embeddable":true,"href":"https:\/\/www.europesays.com\/ch-fr\/wp-json\/wp\/v2\/users\/2"}],"replies":[{"embeddable":true,"href":"https:\/\/www.europesays.com\/ch-fr\/wp-json\/wp\/v2\/comments?post=285015"}],"version-history":[{"count":0,"href":"https:\/\/www.europesays.com\/ch-fr\/wp-json\/wp\/v2\/posts\/285015\/revisions"}],"wp:featuredmedia":[{"embeddable":true,"href":"https:\/\/www.europesays.com\/ch-fr\/wp-json\/wp\/v2\/media\/285016"}],"wp:attachment":[{"href":"https:\/\/www.europesays.com\/ch-fr\/wp-json\/wp\/v2\/media?parent=285015"}],"wp:term":[{"taxonomy":"category","embeddable":true,"href":"https:\/\/www.europesays.com\/ch-fr\/wp-json\/wp\/v2\/categories?post=285015"},{"taxonomy":"post_tag","embeddable":true,"href":"https:\/\/www.europesays.com\/ch-fr\/wp-json\/wp\/v2\/tags?post=285015"}],"curies":[{"name":"wp","href":"https:\/\/api.w.org\/{rel}","templated":true}]}}