{"id":285087,"date":"2026-08-31T21:09:10","date_gmt":"2026-08-31T21:09:10","guid":{"rendered":"https:\/\/www.europesays.com\/ch-fr\/285087\/"},"modified":"2026-08-31T21:09:10","modified_gmt":"2026-08-31T21:09:10","slug":"rochebrune-de-sophie-divry-ou-les-vacances-comme-ultime-espoir-dun-couple-qui-bat-de-laile","status":"publish","type":"post","link":"https:\/\/www.europesays.com\/ch-fr\/285087\/","title":{"rendered":"\u00abRochebrune\u00bb, de Sophie Divry, ou les vacances comme ultime espoir d\u2019un couple qui bat de l\u2019aile"},"content":{"rendered":"<p>Selon l\u2019Office f\u00e9d\u00e9ral de la statistique, en 2021, 6% des enfants vivaient dans une famille recompos\u00e9e. C\u2019est \u00e9galement le cas de No\u00e9mie et de L\u00e9on, et dans Rochebrune, Sophie Divry nous raconte les dessous de leur quotidien instable. Elle est une adolescente renfrogn\u00e9e, il a la moiti\u00e9 de son \u00e2ge et des acc\u00e8s de col\u00e8re intempestifs. Ce sont les enfants respectifs d\u2019Isabelle Fuzeau et de Xavier Daubard. Il est concepteur de jeux vid\u00e9o, elle est psychologue sp\u00e9cialis\u00e9e dans la reconversion professionnelle. Elle vient de la petite classe moyenne, il a grandi dans un milieu bourgeois. Le couple a des vertiges, mais il compte sur les vacances de la Toussaint et un s\u00e9jour dans un coin (fictif) du massif des Ecrins pour prendre de la hauteur et apaiser ses frustrations.<\/p>\n<p>Rochebrune, le titre du dixi\u00e8me roman de Sophie Divry, est aussi le nom du village encastr\u00e9 qui sert de cadre \u00e0 cette dram\u00e9die conjugale. Mordante et sans piti\u00e9, comme on l\u2019avait notamment d\u00e9couverte dans La Condition pavillonnaire (Ed. Noir sur Blanc, 2014), on y retrouve l\u2019autrice au sommet de son acuit\u00e9, distillant des formules chocs qui fendent le ciel charg\u00e9 des relations hommes-femmes et plus g\u00e9n\u00e9ralement la condition humaine: \u00abEtre adulte, c\u2019est peut-\u00eatre cela: se comporter courageusement et que plus personne ne vous en f\u00e9licite\u00bb, songe Isabelle pendant la travers\u00e9e d\u2019une rivi\u00e8re en crue.<\/p>\n","protected":false},"excerpt":{"rendered":"Selon l\u2019Office f\u00e9d\u00e9ral de la statistique, en 2021, 6% des enfants vivaient dans une famille recompos\u00e9e. C\u2019est \u00e9galement&hellip;\n","protected":false},"author":2,"featured_media":285088,"comment_status":"","ping_status":"","sticky":false,"template":"","format":"standard","meta":{"footnotes":"","_share_on_mastodon":"0"},"categories":[5],"tags":[172,1260,40,389,174,56385,41,42],"class_list":["post-285087","post","type-post","status-publish","format-standard","has-post-thumbnail","category-international","tag-culture","tag-entre-temps","tag-international","tag-litterature","tag-premium","tag-rentree-litteraire","tag-world","tag-world-news"],"share_on_mastodon":{"url":"https:\/\/pubeurope.com\/@ch_fr\/117192173956131752","error":""},"_links":{"self":[{"href":"https:\/\/www.europesays.com\/ch-fr\/wp-json\/wp\/v2\/posts\/285087","targetHints":{"allow":["GET"]}}],"collection":[{"href":"https:\/\/www.europesays.com\/ch-fr\/wp-json\/wp\/v2\/posts"}],"about":[{"href":"https:\/\/www.europesays.com\/ch-fr\/wp-json\/wp\/v2\/types\/post"}],"author":[{"embeddable":true,"href":"https:\/\/www.europesays.com\/ch-fr\/wp-json\/wp\/v2\/users\/2"}],"replies":[{"embeddable":true,"href":"https:\/\/www.europesays.com\/ch-fr\/wp-json\/wp\/v2\/comments?post=285087"}],"version-history":[{"count":0,"href":"https:\/\/www.europesays.com\/ch-fr\/wp-json\/wp\/v2\/posts\/285087\/revisions"}],"wp:featuredmedia":[{"embeddable":true,"href":"https:\/\/www.europesays.com\/ch-fr\/wp-json\/wp\/v2\/media\/285088"}],"wp:attachment":[{"href":"https:\/\/www.europesays.com\/ch-fr\/wp-json\/wp\/v2\/media?parent=285087"}],"wp:term":[{"taxonomy":"category","embeddable":true,"href":"https:\/\/www.europesays.com\/ch-fr\/wp-json\/wp\/v2\/categories?post=285087"},{"taxonomy":"post_tag","embeddable":true,"href":"https:\/\/www.europesays.com\/ch-fr\/wp-json\/wp\/v2\/tags?post=285087"}],"curies":[{"name":"wp","href":"https:\/\/api.w.org\/{rel}","templated":true}]}}