{"id":285089,"date":"2026-08-31T21:11:09","date_gmt":"2026-08-31T21:11:09","guid":{"rendered":"https:\/\/www.europesays.com\/ch-fr\/285089\/"},"modified":"2026-08-31T21:11:09","modified_gmt":"2026-08-31T21:11:09","slug":"valerie-dittli-quitte-le-centre-les-raisons-de-son-depart","status":"publish","type":"post","link":"https:\/\/www.europesays.com\/ch-fr\/285089\/","title":{"rendered":"Val\u00e9rie Dittli quitte le Centre : les raisons de son d\u00e9part"},"content":{"rendered":"<p>Val\u00e9rie Dittli quitte le parti du Centre. Mise en cause par plusieurs rapports, l\u00e2ch\u00e9e par le comit\u00e9 cantonal et le comit\u00e9 de pr\u00e9sidence du Centre Vaud et vis\u00e9e par deux enqu\u00eates p\u00e9nales dans lesquelles elle est pr\u00e9sum\u00e9e innocente, la conseill\u00e8re d\u2019Etat du canton de Vaud cr\u00e9e un nouveau mouvement politique. Dans le podcast Le Point J, Camille Besse, journaliste au bureau vaudois de la RTS, explique pourquoi Val\u00e9rie Dittli se s\u00e9pare maintenant du Centre.<\/p>\n<p>Val\u00e9rie Dittli <a href=\"https:\/\/www.letemps.ch\/suisse\/vaud\/exclusif-je-n-avais-pas-d-autre-choix-valerie-dittli-quitte-le-centre-et-cree-un-mouvement-liberal-pour-briguer-un-second-mandat-au-gouvernement-vaudois\" class=\"inline-link\" data-item-id=\"richtext_link\" data-rts-ece-id=\"daada7b7-d05a-3fd4-ad50-3d15a70a659f\" target=\"_blank\" rel=\"noopener nofollow\">a annonc\u00e9 dans le journal Le Temps<\/a>, le 27 ao\u00fbt, qu&rsquo;elle quittait le Centre, peu apr\u00e8s qu\u2019une nouvelle affaire la visant a \u00e9t\u00e9 r\u00e9v\u00e9l\u00e9e : le comit\u00e9 de pr\u00e9sidence de la section Lavaux-Oron du parti du Centre accuse la conseill\u00e8re d\u2019Etat du canton de Vaud d\u2019avoir essay\u00e9 de retirer environ vingt-deux mille francs d\u2019un compte bancaire de cette section. Val\u00e9rie Dittli d\u00e9ment cette all\u00e9gation.<\/p>\n<p>\u00ab\u00a0Cette affaire, elle d\u00e9montrait aussi une grande scission \u00e0 l&rsquo;interne du parti, puisqu&rsquo;elle a fuit\u00e9 dans la presse\u00a0\u00bb, indique Camille Besse, journaliste au bureau vaudois de la RTS. \u00ab\u00a0Ce n&rsquo;est pas la premi\u00e8re qui fuitait ces derni\u00e8res semaines, donc c&rsquo;\u00e9tait aussi un peu un r\u00e9v\u00e9lateur des tensions autour de cette candidate qui a fait couler beaucoup, beaucoup d&rsquo;encre et qui ne fait pas l&rsquo;unanimit\u00e9 au sein du parti\u00a0\u00bb, poursuit-elle.<\/p>\n<p>L\u00e2ch\u00e9e par le comit\u00e9 cantonal et le comit\u00e9 de pr\u00e9sidence du Centre Vaud, Val\u00e9rie Dittli, qui souhaitait il y a encore peu se repr\u00e9senter aux \u00e9lections cantonales vaudoises sous la banni\u00e8re du Centre, a donc finalement quitt\u00e9 ce parti et a lanc\u00e9 un nouveau mouvement politique, le Mouvement lib\u00e9ral. C\u2019est sous cette \u00e9tiquette qu\u2019elle sera candidate \u00e0 sa r\u00e9\u00e9lection au gouvernement vaudois en 2027.<\/p>\n<p class=\"q-text\">Ce Mouvement lib\u00e9ral, il a tout \u00e0 construire. Sans alliances, le chemin va \u00eatre quand m\u00eame tr\u00e8s, tr\u00e8s long<\/p>\n<p>  Camille Besse, journaliste au bureau vaudois de la RTS <\/p>\n<p>Le premier tour de l&rsquo;\u00e9lection au Conseil d&rsquo;Etat vaudois, et l&rsquo;\u00e9lection au Grand Conseil vaudois, auront lieu le 28 f\u00e9vrier 2027.<\/p>\n<p>Sur quels soutiens Val\u00e9rie Dittli peut-elle s\u2019appuyer aujourd\u2019hui ? Le nouveau mouvement qu\u2019elle a cr\u00e9\u00e9 menace-t-il les partis de droite et du centre ? Qu\u2019est-ce qui se passe encore avec Val\u00e9rie Dittli ?<\/p>\n<p> &gt;&gt; &gt;&gt; Ecouter l&rsquo;\u00e9pisode du Point J\u00a0:    Qu\u2019est-ce qui se passe (encore) avec Val\u00e9rie Dittli ? \/ Le Point J \/ 11 min. \/ aujourd&rsquo;hui \u00e0 17:00 <\/p>\n<p class=\"sources\">Gr\u00e9goire Molle et l&rsquo;\u00e9quipe du Point J<\/p>\n","protected":false},"excerpt":{"rendered":"Val\u00e9rie Dittli quitte le parti du Centre. Mise en cause par plusieurs rapports, l\u00e2ch\u00e9e par le comit\u00e9 cantonal&hellip;\n","protected":false},"author":2,"featured_media":285090,"comment_status":"","ping_status":"","sticky":false,"template":"","format":"standard","meta":{"footnotes":"","_share_on_mastodon":"0"},"categories":[4],"tags":[22,13130,2237,3747,1045,448,318,741,2105,14977,61816,21,1095,2440,1091,92,715,23,3749,325],"class_list":["post-285089","post","type-post","status-publish","format-standard","has-post-thumbnail","category-actualites","tag-actualites","tag-bureau","tag-candidats","tag-conseiller-detat","tag-election","tag-elections","tag-enquete","tag-gouvernement","tag-journaliste","tag-le-centre","tag-mouvement-politique","tag-news","tag-parti-politique","tag-partis-politiques","tag-podcast","tag-politique","tag-radio-television-suisse","tag-suisse","tag-valerie-dittli","tag-vaud"],"share_on_mastodon":{"url":"https:\/\/pubeurope.com\/@ch_fr\/117192182024834668","error":""},"_links":{"self":[{"href":"https:\/\/www.europesays.com\/ch-fr\/wp-json\/wp\/v2\/posts\/285089","targetHints":{"allow":["GET"]}}],"collection":[{"href":"https:\/\/www.europesays.com\/ch-fr\/wp-json\/wp\/v2\/posts"}],"about":[{"href":"https:\/\/www.europesays.com\/ch-fr\/wp-json\/wp\/v2\/types\/post"}],"author":[{"embeddable":true,"href":"https:\/\/www.europesays.com\/ch-fr\/wp-json\/wp\/v2\/users\/2"}],"replies":[{"embeddable":true,"href":"https:\/\/www.europesays.com\/ch-fr\/wp-json\/wp\/v2\/comments?post=285089"}],"version-history":[{"count":0,"href":"https:\/\/www.europesays.com\/ch-fr\/wp-json\/wp\/v2\/posts\/285089\/revisions"}],"wp:featuredmedia":[{"embeddable":true,"href":"https:\/\/www.europesays.com\/ch-fr\/wp-json\/wp\/v2\/media\/285090"}],"wp:attachment":[{"href":"https:\/\/www.europesays.com\/ch-fr\/wp-json\/wp\/v2\/media?parent=285089"}],"wp:term":[{"taxonomy":"category","embeddable":true,"href":"https:\/\/www.europesays.com\/ch-fr\/wp-json\/wp\/v2\/categories?post=285089"},{"taxonomy":"post_tag","embeddable":true,"href":"https:\/\/www.europesays.com\/ch-fr\/wp-json\/wp\/v2\/tags?post=285089"}],"curies":[{"name":"wp","href":"https:\/\/api.w.org\/{rel}","templated":true}]}}