{"id":285239,"date":"2026-09-01T00:11:26","date_gmt":"2026-09-01T00:11:26","guid":{"rendered":"https:\/\/www.europesays.com\/ch-fr\/285239\/"},"modified":"2026-09-01T00:11:26","modified_gmt":"2026-09-01T00:11:26","slug":"film-en-debat-l%ca%b9inconnue-d%ca%b9arthur-harari","status":"publish","type":"post","link":"https:\/\/www.europesays.com\/ch-fr\/285239\/","title":{"rendered":"Film en d\u00e9bat : \u00ab\u00a0L\u02b9inconnue\u00a0\u00bb d\u02b9Arthur Harari"},"content":{"rendered":"\n<p>Avec L\u00e9a Seydoux, Niels Schneider<br \/>A\u0300 bient\u00f4t 40 ans, David Zimmerman est photographe mais personne ne le sait. Alors qu&rsquo;il ne sort presque jamais de chez lui, des amis le tra\u00eenent dans une f\u00eate insens\u00e9e. Il y rep\u00e8re une femme dans la foule, ne peut en d\u00e9tacher le regard, la suit, et fait l\u02b9amour avec elle. Quelques heures plus tard, David se r\u00e9veille : il est dans le corps de l\u02b9inconnue. Adapt\u00e9 de \u00a0\u00bb\u00a0Le cas David Zimmerman\u00a0\u00ab\u00a0, une bande dessin\u00e9e de Lucas Harari, \u00e9crite avec son fr\u00e8re Arthur Harari, le film \u00e9tait pr\u00e9sent\u00e9 en comp\u00e9tition au dernier festival de Cannes. Par Rafael Wolf et Vincent Adatte.<\/p>\n","protected":false},"excerpt":{"rendered":"Avec L\u00e9a Seydoux, Niels SchneiderA\u0300 bient\u00f4t 40 ans, David Zimmerman est photographe mais personne ne le sait. Alors&hellip;\n","protected":false},"author":2,"featured_media":285240,"comment_status":"","ping_status":"","sticky":false,"template":"","format":"standard","meta":{"footnotes":"","_share_on_mastodon":"0"},"categories":[10],"tags":[1608,61879,380,1196,384,869,172,61880,1248,113,112,5506,370,139,849,9540,61881,851,1284,32847,6116,23,2393],"class_list":["post-285239","post","type-post","status-publish","format-standard","has-post-thumbnail","category-divertissement","tag-acteur","tag-arthur-harari","tag-arts-et-divertissement","tag-celebrites","tag-cinema","tag-competition","tag-culture","tag-david-zimmerman","tag-debat","tag-divertissement","tag-entertainment","tag-festival-de-cannes","tag-fete","tag-film","tag-la-1ere","tag-lea-seydoux","tag-lucas-harari","tag-media-radio","tag-mere","tag-niels-schneider","tag-photographe","tag-suisse","tag-vertigo"],"share_on_mastodon":{"url":"https:\/\/pubeurope.com\/@ch_fr\/117192889992922053","error":""},"_links":{"self":[{"href":"https:\/\/www.europesays.com\/ch-fr\/wp-json\/wp\/v2\/posts\/285239","targetHints":{"allow":["GET"]}}],"collection":[{"href":"https:\/\/www.europesays.com\/ch-fr\/wp-json\/wp\/v2\/posts"}],"about":[{"href":"https:\/\/www.europesays.com\/ch-fr\/wp-json\/wp\/v2\/types\/post"}],"author":[{"embeddable":true,"href":"https:\/\/www.europesays.com\/ch-fr\/wp-json\/wp\/v2\/users\/2"}],"replies":[{"embeddable":true,"href":"https:\/\/www.europesays.com\/ch-fr\/wp-json\/wp\/v2\/comments?post=285239"}],"version-history":[{"count":0,"href":"https:\/\/www.europesays.com\/ch-fr\/wp-json\/wp\/v2\/posts\/285239\/revisions"}],"wp:featuredmedia":[{"embeddable":true,"href":"https:\/\/www.europesays.com\/ch-fr\/wp-json\/wp\/v2\/media\/285240"}],"wp:attachment":[{"href":"https:\/\/www.europesays.com\/ch-fr\/wp-json\/wp\/v2\/media?parent=285239"}],"wp:term":[{"taxonomy":"category","embeddable":true,"href":"https:\/\/www.europesays.com\/ch-fr\/wp-json\/wp\/v2\/categories?post=285239"},{"taxonomy":"post_tag","embeddable":true,"href":"https:\/\/www.europesays.com\/ch-fr\/wp-json\/wp\/v2\/tags?post=285239"}],"curies":[{"name":"wp","href":"https:\/\/api.w.org\/{rel}","templated":true}]}}