{"id":285425,"date":"2026-09-01T04:10:12","date_gmt":"2026-09-01T04:10:12","guid":{"rendered":"https:\/\/www.europesays.com\/ch-fr\/285425\/"},"modified":"2026-09-01T04:10:12","modified_gmt":"2026-09-01T04:10:12","slug":"le-gouvernement-dabelardo-lance-une-operation-contre-ivan-mordisco-20-guerilleros-tues-en-colombie","status":"publish","type":"post","link":"https:\/\/www.europesays.com\/ch-fr\/285425\/","title":{"rendered":"Le gouvernement d&rsquo;Abelardo lance une op\u00e9ration contre Iv\u00e1n Mordisco, 20 gu\u00e9rilleros tu\u00e9s en Colombie"},"content":{"rendered":"<p>Vingt gu\u00e9rilleros ont \u00e9t\u00e9 tu\u00e9s en Colombie dans des bombardements sur des zones contr\u00f4l\u00e9es par des insurg\u00e9s ordonn\u00e9s par le nouveau gouvernement du pr\u00e9sident Abelardo de la Espriella, a affirm\u00e9 lundi ce dernier.<\/p>\n<p>\u00abNous avons neutralis\u00e9 20 narcoterroristes, captur\u00e9 cinq (&#8230;) et r\u00e9cup\u00e9r\u00e9 deux mineurs\u00bb, a d\u00e9clar\u00e9 le chef de l&rsquo;Etat dans une vid\u00e9o sur X. L&rsquo;op\u00e9ration contre les gu\u00e9rilleros sous le commandement du rebelle le plus recherch\u00e9 du pays, Iv\u00e1n Mordisco, a eu lieu lundi \u00e0 l&rsquo;aube dans le Guaviare, dans le sud du pays.<\/p>\n<p>Il s&rsquo;agit des bombardements les plus meurtriers depuis l&rsquo;arriv\u00e9e au pouvoir le 7 ao\u00fbt d&rsquo;Abelardo de la Espriella. Le dirigeant de droite dure a promis une lutte sans merci contre les groupes criminels, qui se financent par le trafic de drogues, l&rsquo;extorsion et l&rsquo;activit\u00e9 mini\u00e8re ill\u00e9gale.<\/p>\n<p>Aux trousses d&rsquo;Iv\u00e1n Mordisco<\/p>\n<p>Ce sont aussi les troisi\u00e8mes bombardements du nouveau gouvernement, avec le bilan le plus \u00e9lev\u00e9 depuis l&rsquo;\u00e8re Juan Manuel Santos (2010-2018), a indiqu\u00e9 \u00e0 l&rsquo;AFP une source militaire.<\/p>\n<p>Quatre mineurs ont \u00e9t\u00e9 tu\u00e9s dans les deux premi\u00e8res vagues, deux de 15 ans et deux de 16. On ignore si des mineurs figurent parmi les victimes de la troisi\u00e8me.<\/p>\n<p>Lire aussi: <a href=\"https:\/\/www.letemps.ch\/articles\/en-amerique-latine-la-colombie-bascule-a-son-tour-a-l-extreme-droite\" rel=\"nofollow noopener\" target=\"_blank\">En Am\u00e9rique latine, la Colombie bascule \u00e0 son tour \u00e0 l\u2019extr\u00eame droite<\/a>  <\/p>\n<p>\u00abNous sommes \u00e0 tes trousses, Mordisco (&#8230;) je vais te faire payer tout le mal que tu as fait \u00e0 la Colombie\u00bb, a lanc\u00e9 Abelardo de la Espriella, qui veut renforcer la coop\u00e9ration avec les Etats-Unis et Isra\u00ebl dans la lutte contre le crime organis\u00e9.<\/p>\n","protected":false},"excerpt":{"rendered":"Vingt gu\u00e9rilleros ont \u00e9t\u00e9 tu\u00e9s en Colombie dans des bombardements sur des zones contr\u00f4l\u00e9es par des insurg\u00e9s ordonn\u00e9s&hellip;\n","protected":false},"author":2,"featured_media":285426,"comment_status":"","ping_status":"","sticky":false,"template":"","format":"standard","meta":{"footnotes":"","_share_on_mastodon":"0"},"categories":[5],"tags":[2001,1406,25,40,41,42],"class_list":["post-285425","post","type-post","status-publish","format-standard","has-post-thumbnail","category-international","tag-amerique-du-sud","tag-ameriques","tag-free","tag-international","tag-world","tag-world-news"],"share_on_mastodon":{"url":"https:\/\/pubeurope.com\/@ch_fr\/117193829423765211","error":""},"_links":{"self":[{"href":"https:\/\/www.europesays.com\/ch-fr\/wp-json\/wp\/v2\/posts\/285425","targetHints":{"allow":["GET"]}}],"collection":[{"href":"https:\/\/www.europesays.com\/ch-fr\/wp-json\/wp\/v2\/posts"}],"about":[{"href":"https:\/\/www.europesays.com\/ch-fr\/wp-json\/wp\/v2\/types\/post"}],"author":[{"embeddable":true,"href":"https:\/\/www.europesays.com\/ch-fr\/wp-json\/wp\/v2\/users\/2"}],"replies":[{"embeddable":true,"href":"https:\/\/www.europesays.com\/ch-fr\/wp-json\/wp\/v2\/comments?post=285425"}],"version-history":[{"count":0,"href":"https:\/\/www.europesays.com\/ch-fr\/wp-json\/wp\/v2\/posts\/285425\/revisions"}],"wp:featuredmedia":[{"embeddable":true,"href":"https:\/\/www.europesays.com\/ch-fr\/wp-json\/wp\/v2\/media\/285426"}],"wp:attachment":[{"href":"https:\/\/www.europesays.com\/ch-fr\/wp-json\/wp\/v2\/media?parent=285425"}],"wp:term":[{"taxonomy":"category","embeddable":true,"href":"https:\/\/www.europesays.com\/ch-fr\/wp-json\/wp\/v2\/categories?post=285425"},{"taxonomy":"post_tag","embeddable":true,"href":"https:\/\/www.europesays.com\/ch-fr\/wp-json\/wp\/v2\/tags?post=285425"}],"curies":[{"name":"wp","href":"https:\/\/api.w.org\/{rel}","templated":true}]}}