{"id":285475,"date":"2026-09-01T04:55:16","date_gmt":"2026-09-01T04:55:16","guid":{"rendered":"https:\/\/www.europesays.com\/ch-fr\/285475\/"},"modified":"2026-09-01T04:55:16","modified_gmt":"2026-09-01T04:55:16","slug":"patrick-bruel-a-bruxelles-des-fans-boycottent-le-concert-pourront-ils-etre-rembourses","status":"publish","type":"post","link":"https:\/\/www.europesays.com\/ch-fr\/285475\/","title":{"rendered":"Patrick Bruel \u00e0 Bruxelles : des fans boycottent le concert, pourront-ils \u00eatre rembours\u00e9s\u00a0?"},"content":{"rendered":"<p>  <img decoding=\"async\" class=\"r-img lazyloaded\" src=\"https:\/\/www.europesays.com\/ch-fr\/wp-content\/uploads\/2026\/09\/ruolo.jpg\" alt=\"Donatella Ruolo\"\/><\/p>\n<p>par <a href=\"https:\/\/www.rtl.be\/341710\/dpi-authors\/donatella-ruolo\" rel=\"nofollow noopener\" target=\"_blank\">Donatella Ruolo<\/a><\/p>\n<p>\tPubli\u00e9 le 01 septembre \u00e0 05h00<\/p>\n<p>  <a href=\"https:\/\/www.google.com\/preferences\/source?q=rtl%20info\" class=\"r-link--google-favorites\" role=\"button\">Ajoutez-nous \u00e0 vos favoris Google<\/a><br \/>\n\tCatherine est dans une impasse. Cette (ancienne) fan de Patrick Bruel nous a contact\u00e9s via le bouton orange Alertez-nous pour d\u00e9noncer une situation qu\u2019elle qualifie d\u2019\u00ab\u00a0injuste\u00a0\u00bb. Elle a achet\u00e9 des places pour le concert de l\u2019interpr\u00e8te de \u00ab\u00a0Place des grands hommes\u00a0\u00bb \u00e0 Bruxelles bien avant qu\u2019il ne soit mis en examen. \u00c9tant donn\u00e9 la situation, elle n\u2019ira pas l\u2019applaudir\u2026 mais les places sont pay\u00e9es, que faire alors\u00a0?<\/p>\n<p>&#13;<br \/>\n&#13;<\/p>\n<p>\u00ab\u00a0En tant que fan de la premi\u00e8re heure, ayant vu Patrick Bruel sur sc\u00e8ne \u00e0 de nombreuses reprises, je me sens aujourd\u2019hui profond\u00e9ment m\u00e9pris\u00e9e\u00a0\u00bb, \u00e9crit Catherine via le bouton orange Alertez-nous. Son probl\u00e8me\u00a0: le concert du chanteur mis en examen dans plusieurs dossiers de violences sexuelles est maintenu \u00e0 Bruxelles. Il est programm\u00e9 le 6 octobre prochain \u00e0 Forest National. Il affiche d\u2019ailleurs complet, m\u00eame si de nombreuses places sont propos\u00e9es \u00e0 la revente sans trouver preneur.<\/p>\n<p>Je trouve \u00e7a r\u00e9pugnant que l\u2019\u00e9v\u00e9nement soit maintenuCharles Spapens, Bourgmestre de Forest<\/p>\n<p>Notre interlocutrice a achet\u00e9 deux places en f\u00e9vrier, soit bien avant que l\u2019affaire n\u2019\u00e9clate au grand jour. Pour elle, il est impossible de se rendre au concert dans l\u2019\u00e9tat actuel des choses\u00a0: \u00ab\u00a0Si cette mise en vente avait eu lieu aujourd\u2019hui, je n\u2019aurais jamais achet\u00e9 ces places. Je refuse cat\u00e9goriquement d\u2019aller l\u2019applaudir dans ce contexte. Les spectateurs dans ma situation se retrouvent pris en otage.\u00a0\u00bb M\u00eame si elle reconna\u00eet que Patrick Bruel est toujours pr\u00e9sum\u00e9 innocent, elle estime qu\u2019\u00e9tant donn\u00e9 \u00ab\u00a0la gravit\u00e9 des faits\u00a0\u00bb qui lui sont reproch\u00e9s, il devrait \u00ab\u00a0se retirer de la sc\u00e8ne publique\u00a0\u00bb et annuler ses repr\u00e9sentations.<\/p>\n<p>&#13;<br \/>\n&#13;<\/p>\n<p>&#13;<br \/>\n&#13;<br \/>\n178\u00a0\u20ac<\/p>\n<p>Boycotter le concert, c\u2019est une chose, mais \u00e0 quel prix\u00a0? \u00ab\u00a0S\u2019il est maintenu, je perds deux fois 89\u00a0\u20ac. \u00c7a repr\u00e9sente une somme tr\u00e8s importante pour moi\u00a0\u00bb, regrette Catherine. D\u2019autant que la principale int\u00e9ress\u00e9e ne veut pas revendre ses places et \u00ab\u00a0permettre \u00e0 quelqu\u2019un d\u2019autre d\u2019aller l\u2019applaudir\u00a0\u00bb. Elle a contact\u00e9 Ticketmaster, la plateforme de vente des billets, mais impossible d\u2019obtenir un remboursement. Nous y reviendrons.<\/p>\n<p>\n  &#13;<br \/>\n  \u00c0 lire aussi&#13;<br \/>\n  &#13;<\/p>\n<p>  <img decoding=\"async\" data-copyright=\"STEPHANE DE SAKUTIN \/ AFP\" class=\"r-img\"  typeof=\"foaf:Image\" src=\"https:\/\/www.europesays.com\/ch-fr\/wp-content\/uploads\/2026\/09\/82389552.jpeg\" alt=\"Patrick Bruel\"\/><br \/>\n        <a class=\"r-stories--link\" href=\"https:\/\/www.rtl.be\/actu\/monde\/france\/la-tournee-de-patrick-bruel-en-sursis-le-chanteur-accuse-dagressions-sexuelles\/2026-08-21\/article\/797892\" rel=\"nofollow noopener\" target=\"_blank\">La tourn\u00e9e de Patrick Bruel en sursis\u00a0? Le chanteur, accus\u00e9 d\u2019agressions sexuelles, \u00ab\u00a0pas le bienvenu\u00a0\u00bb dans une ville fran\u00e7aise<\/a>&#13;<br \/>\n  &#13;<br \/>\n&#13;\n<\/p>\n<p>Est-on certains que le concert aura bien lieu\u00a0? Apr\u00e8s tout, une annulation assurerait \u00e0 Catherine un remboursement. Sauf nouvelles avanc\u00e9es judiciaires, oui, Patrick Bruel se produira \u00e0 Forest en octobre\u2026 n\u2019en d\u00e9plaise au bourgmestre de la commune. \u00ab\u00a0Je trouve \u00e7a r\u00e9pugnant que l\u2019\u00e9v\u00e9nement soit maintenu\u00a0\u00bb, nous confie ce dernier, Charles Spapens. \u00ab\u00a0D\u2019accord il y a la pr\u00e9somption d\u2019innocence mais maintenir le concert dans ces conditions, c\u2019est crach\u00e9 \u00e0 la figure de toutes ces femmes et de leur parole\u00a0\u00bb, ajoute-t-il.<\/p>\n<p>Impossible \u00e0 son \u00e9chelle d\u2019emp\u00eacher la repr\u00e9sentation, sauf si l\u2019ordre public est menac\u00e9. Il insiste pourtant\u00a0: \u00ab\u00a0Je partage la conviction de maires fran\u00e7ais (qui se sont oppos\u00e9s \u00e0 la venue du chanteur, NDLR). J\u2019esp\u00e8re que lui, sa production et les salles de concert vont revenir \u00e0 la raison et annuler les dates.\u00a0\u00bb Le mayeur pr\u00e9cise \u00e9galement que la Ville va donner son feu vert aux manifestations pacifiques annonc\u00e9es au moment de la venue de l\u2019artiste.<\/p>\n<p>&#13;<br \/>\n&#13;<\/p>\n<p>&#13;<br \/>\n&#13;<br \/>\nPas si simple d\u2019annuler<\/p>\n<p>Dans un message sur les r\u00e9seaux sociaux publi\u00e9 le 17 mai dernier, l\u2019homme qui chante Casser la voix a clam\u00e9 son innocence. Un long texte qu\u2019il a cl\u00f4tur\u00e9 avec cette phrase\u00a0: \u00ab\u00a0Je continuerai de faire mon m\u00e9tier avec le m\u00eame d\u00e9vouement et la m\u00eame passion.\u00a0\u00bb<\/p>\n<p>Cette d\u00e9cision de maintenir sa tourn\u00e9e complique bien des choses. \u00c0 partir du moment o\u00f9 un contrat a \u00e9t\u00e9 sign\u00e9 et que le chanteur veut l\u2019honorer, il devient difficile pour les promoteurs d\u2019annuler le spectacle unilat\u00e9ralement. Cela reviendrait tr\u00e8s cher \u00e9tant donn\u00e9 qu\u2019il est peu probable que les assurances couvrent cette annulation alors que le chanteur n\u2019a pas \u00e9t\u00e9 condamn\u00e9. Nous avons tent\u00e9 de faire r\u00e9agir Next Step Productions, le promoteur concern\u00e9, qui n\u2019a pas donn\u00e9 suite \u00e0 nos sollicitations.<\/p>\n<p>Du c\u00f4t\u00e9 de Forest National (groupe Be-At), qui loue donc la salle, on ne se mouille pas\u00a0: \u00ab\u00a0En tant qu\u2019exploitant de salles, nous adoptons une position neutre \u00e0 l\u2019\u00e9gard des opinions, des convictions ou de la situation personnelle des artistes, organisateurs et productions qui utilisent nos infrastructures.\u00a0\u00bb Et d\u2019ajouter\u00a0: \u00ab\u00a0Nous prenons connaissance des pr\u00e9occupations et r\u00e9actions exprim\u00e9es dans la soci\u00e9t\u00e9, mais nous ne nous pronon\u00e7ons pas sur des dossiers ou situations individuels qui n\u2019ont pas fait l\u2019objet d\u2019une d\u00e9cision par une autorit\u00e9 comp\u00e9tente.\u00a0\u00bb<\/p>\n<p>Remboursement impossible<\/p>\n<p>\u00ab\u00a0Il est inacceptable que les fans doivent assumer financi\u00e8rement le maintien \u00e0 tout prix des repr\u00e9sentations\u00a0\u00bb, scande Catherine. Et pourtant\u2026 Pour savoir si elle pouvait esp\u00e9rer un quelconque d\u00e9dommagement, nous avons contact\u00e9 Vanessa Peharpr\u00e9, avocate sp\u00e9cialis\u00e9e en droit commercial. \u00ab\u00a0Les conditions g\u00e9n\u00e9rales ne pr\u00e9voient pas de droit de r\u00e9tractation. Le cas est compliqu\u00e9 mais \u00e9tant donn\u00e9 que le chanteur est pr\u00e9sum\u00e9 innocent \u00e0 ce stade, le changement d\u2019opinion du spectateur, \u00e0 raison ou non, ne constitue pas un motif de remboursement\u00a0\u00bb, explique la sp\u00e9cialiste.<\/p>\n<p>\n  &#13;<br \/>\n  \u00c0 lire aussi&#13;<br \/>\n  &#13;<\/p>\n<p>  <img decoding=\"async\" data-copyright=\"Genton productions\" class=\"r-img\"  typeof=\"foaf:Image\" src=\"https:\/\/www.europesays.com\/ch-fr\/wp-content\/uploads\/2026\/09\/84495547.jpeg\" alt=\"Sabine.jpg\"\/><br \/>\n        <a class=\"r-stories--link\" href=\"https:\/\/www.rtl.be\/people\/rtl-inside\/documentaires\/il-ma-collee-au-mur-et-sest-jete-mon-cou-sabine-raconte-comment-patrick-bruel\/2026-06-09\/article\/791154\" rel=\"nofollow noopener\" target=\"_blank\">\u00ab\u00a0Il m\u2019a coll\u00e9e au mur et s\u2019est jet\u00e9 \u00e0 mon cou\u00a0\u00bb\u00a0: Sabine raconte comment Patrick Bruel l\u2019aurait agress\u00e9e sexuellement dans les ann\u00e9es 90<\/a>&#13;<br \/>\n  &#13;<br \/>\n&#13;\n<\/p>\n<p>Le seul moyen pour Catherine de ne pas perdre l\u2019argent est donc de revendre ses billets, m\u00eame si l\u2019option ne l\u2019enchante pas\u2026 ou esp\u00e9rer un revirement de situation qui m\u00e8nerait \u00e0 l\u2019annulation pure et simple du concert.<\/p>\n<p>&#13;<br \/>\n&#13;<\/p>\n<p>&#13;<br \/>\n&#13;<\/p>\n<p><a class=\"r-btn r-btn--tag\" href=\"https:\/\/www.rtl.be\/2303\/free-tags\/justice\" title=\"justice\" rel=\"nofollow noopener\" target=\"_blank\">justice<\/a><br \/>\n<a class=\"r-btn r-btn--tag\" href=\"https:\/\/www.rtl.be\/4929\/free-tags\/alertez-nous\" title=\"alertez-nous\" rel=\"nofollow noopener\" target=\"_blank\">alertez-nous<\/a><br \/>\n<a class=\"r-btn r-btn--tag\" href=\"https:\/\/www.rtl.be\/335694\/persons\/patrick-bruel\" title=\"Patrick Bruel\" rel=\"nofollow noopener\" target=\"_blank\">Patrick Bruel<\/a><\/p>\n","protected":false},"excerpt":{"rendered":"par Donatella Ruolo Publi\u00e9 le 01 septembre \u00e0 05h00 Ajoutez-nous \u00e0 vos favoris Google Catherine est dans une&hellip;\n","protected":false},"author":2,"featured_media":285476,"comment_status":"","ping_status":"","sticky":false,"template":"","format":"standard","meta":{"footnotes":"","_share_on_mastodon":"0"},"categories":[15],"tags":[61980,61978,158,157,61975,113,112,61977,16615,61979,10505,159,61976,23,53158,1730],"class_list":["post-285475","post","type-post","status-publish","format-standard","has-post-thumbnail","category-people","tag-annulation-spectacle","tag-boycott-concert","tag-celebrities","tag-celebrity","tag-concert-bruxelles","tag-divertissement","tag-entertainment","tag-fans-bruel","tag-forest-national","tag-mise-en-examen-bruel","tag-patrick-bruel","tag-people","tag-remboursement-billets","tag-suisse","tag-ticketmaster","tag-violences-sexuelles"],"share_on_mastodon":{"url":"https:\/\/pubeurope.com\/@ch_fr\/117194007096600976","error":""},"_links":{"self":[{"href":"https:\/\/www.europesays.com\/ch-fr\/wp-json\/wp\/v2\/posts\/285475","targetHints":{"allow":["GET"]}}],"collection":[{"href":"https:\/\/www.europesays.com\/ch-fr\/wp-json\/wp\/v2\/posts"}],"about":[{"href":"https:\/\/www.europesays.com\/ch-fr\/wp-json\/wp\/v2\/types\/post"}],"author":[{"embeddable":true,"href":"https:\/\/www.europesays.com\/ch-fr\/wp-json\/wp\/v2\/users\/2"}],"replies":[{"embeddable":true,"href":"https:\/\/www.europesays.com\/ch-fr\/wp-json\/wp\/v2\/comments?post=285475"}],"version-history":[{"count":0,"href":"https:\/\/www.europesays.com\/ch-fr\/wp-json\/wp\/v2\/posts\/285475\/revisions"}],"wp:featuredmedia":[{"embeddable":true,"href":"https:\/\/www.europesays.com\/ch-fr\/wp-json\/wp\/v2\/media\/285476"}],"wp:attachment":[{"href":"https:\/\/www.europesays.com\/ch-fr\/wp-json\/wp\/v2\/media?parent=285475"}],"wp:term":[{"taxonomy":"category","embeddable":true,"href":"https:\/\/www.europesays.com\/ch-fr\/wp-json\/wp\/v2\/categories?post=285475"},{"taxonomy":"post_tag","embeddable":true,"href":"https:\/\/www.europesays.com\/ch-fr\/wp-json\/wp\/v2\/tags?post=285475"}],"curies":[{"name":"wp","href":"https:\/\/api.w.org\/{rel}","templated":true}]}}