{"id":285505,"date":"2026-09-01T05:23:11","date_gmt":"2026-09-01T05:23:11","guid":{"rendered":"https:\/\/www.europesays.com\/ch-fr\/285505\/"},"modified":"2026-09-01T05:23:11","modified_gmt":"2026-09-01T05:23:11","slug":"alejandro-betancourt-washington-a-t-il-fait-pression-sur-la-suisse","status":"publish","type":"post","link":"https:\/\/www.europesays.com\/ch-fr\/285505\/","title":{"rendered":"Alejandro Betancourt : Washington a-t-il fait pression sur la Suisse ?"},"content":{"rendered":"<p>Alejandro Betancourt, interm\u00e9diaire privil\u00e9gi\u00e9 de Washington dans le secteur p\u00e9trolier v\u00e9n\u00e9zu\u00e9lien, fait l&rsquo;objet d\u2019une proc\u00e9dure p\u00e9nale en Suisse. Selon une enqu\u00eate du\u00a0Washington Post, de hauts responsables am\u00e9ricains seraient intervenus aupr\u00e8s des autorit\u00e9s suisses pour d\u00e9fendre ses int\u00e9r\u00eats.<\/p>\n<p>Tr\u00e8s influent, l\u2019homme d\u2019affaires entretient des liens \u00e9troits avec le pouvoir \u00e0 Caracas et dispose notamment d\u2019un acc\u00e8s direct \u00e0 la pr\u00e9sidente par int\u00e9rim Delcy Rodr\u00edguez. Sa soci\u00e9t\u00e9 est aujourd\u2019hui le deuxi\u00e8me producteur priv\u00e9 de p\u00e9trole du Venezuela.<\/p>\n<p>Apr\u00e8s la capture de Nicol\u00e1s Maduro par les forces am\u00e9ricaines en janvier, Alejandro Betancourt devient un interm\u00e9diaire cl\u00e9 entre Washington et Caracas, notamment dans le secteur p\u00e9trolier.<br \/>\u00a0<br \/>Vendredi dernier, Donald Trump annon\u00e7ait d\u2019ailleurs un accord avec le Venezuela, pr\u00e9sent\u00e9 comme historique, dans lequel la soci\u00e9t\u00e9 de Betancourt devrait jouer un r\u00f4le central. Le dispositif concerne 17 gisements de p\u00e9trole repr\u00e9sentant quelque 65 milliards de barils de r\u00e9serves.<\/p>\n<p> &gt;&gt; Les explications de Michael Peuker dans Forum\u00a0:   <img decoding=\"async\" class=\"embed-responsive-item\" loading=\"lazy\" src=\"https:\/\/www.europesays.com\/ch-fr\/wp-content\/uploads\/2026\/09\/f0d82f6b-29343675.image.jpeg\" alt=\"La Suisse aurait c\u00e9d\u00e9 \u00e0 des pressions am\u00e9ricaines en faveur d'un homme d'affaires v\u00e9n\u00e9zu\u00e9lien\"\/>    La Suisse aurait c\u00e9d\u00e9 \u00e0 des pressions am\u00e9ricaines en faveur d&rsquo;un homme d&rsquo;affaires v\u00e9n\u00e9zu\u00e9lien \/ Forum \/ 3 min. \/ hier \u00e0 18:00 <\/p>\n<p>&gt;&gt; Lire aussi\u00a0: <a href=\"https:\/\/www.rts.ch\/info\/monde\/2026\/article\/petrole-accord-entre-les-usa-et-le-venezuela-sur-65-milliards-de-barils-29341285.html\" data-item-id=\"richtext_link\" rel=\"nofollow noopener\" target=\"_blank\">Donald Trump scelle un accord p\u00e9trolier de 65 milliards de barils avec le Venezuela<\/a><\/p>\n<p>Une proc\u00e9dure p\u00e9nale en Suisse<\/p>\n<p>Depuis 2019, le parquet zurichois enqu\u00eate sur Alejandro Betancourt pour des soup\u00e7ons de blanchiment d\u2019argent. L\u2019homme d\u2019affaires nie toute malversation.<br \/>\u00a0<br \/>En novembre 2025, la Suisse demande son extradition depuis le Royaume-Uni. Alejandro Betancourt est alors arr\u00eat\u00e9 et interdit de quitter le territoire britannique pendant que les autorit\u00e9s examinent la demande suisse.<\/p>\n<p>Des contacts am\u00e9ricains au plus haut niveau<\/p>\n<p>C\u2019est dans les semaines qui suivent la capture de Nicol\u00e1s Maduro que les d\u00e9marches am\u00e9ricaines commencent. Le D\u00e9partement d\u2019Etat contacte d\u2019abord le D\u00e9partement f\u00e9d\u00e9ral des affaires \u00e9trang\u00e8res. Le D\u00e9partement de la Justice \u00e9change aussi avec le procureur g\u00e9n\u00e9ral de la Conf\u00e9d\u00e9ration.<br \/>\u00a0<br \/>L\u2019Office f\u00e9d\u00e9ral de la justice a confirm\u00e9 lundi \u00e0 la RTS qu\u2019un \u00ab\u00a0bref entretien\u00a0\u00bb avait bien eu lieu. Il pr\u00e9cise toutefois que le procureur g\u00e9n\u00e9ral s\u2019est content\u00e9 de renvoyer ses interlocuteurs am\u00e9ricains vers le parquet zurichois, comp\u00e9tent dans cette affaire.<br \/>\u00a0<br \/>Des discussions d\u00e9butent ensuite avec la justice zurichoise, <a href=\"https:\/\/www.washingtonpost.com\/world\/2026\/08\/27\/us-intervened-criminal-probe-venezuelan-oilman-alejandro-betancourt\/\" class=\"inline-link\" data-item-id=\"richtext_link\" data-rts-ece-id=\"b5d426ab-8af2-3192-a67a-7184e34045bc\" target=\"_blank\" rel=\"noopener nofollow\">indique le Washington Post<\/a>. Le message est le suivant: Betancourt doit pouvoir voyager. Washington signale \u00e9galement sa pr\u00e9f\u00e9rence pour un r\u00e8glement de l\u2019affaire sans sanction p\u00e9nale.<\/p>\n<p>Zurich retire sa demande d\u2019extradition<\/p>\n<p>En mai, la demande suisse d\u2019extradition adress\u00e9e au Royaume-Uni est retir\u00e9e \u00e0 l\u2019initiative de la justice zurichoise. Interrog\u00e9 lundi par la RTS, le parquet zurichois explique cette d\u00e9cision par des \u00ab\u00a0particularit\u00e9s du droit britannique en mati\u00e8re d\u2019extradition\u00a0\u00bb, sans souhaiter entrer davantage dans les d\u00e9tails, invoquant le secret de l\u2019instruction et la strat\u00e9gie de l\u2019enqu\u00eate.<br \/>\u00a0<br \/>Il pr\u00e9cise toutefois que ce retrait concerne uniquement la proc\u00e9dure d\u2019extradition au Royaume-Uni et que la proc\u00e9dure p\u00e9nale contre Alejandro Betancourt, elle, se poursuit.<br \/>\u00a0<br \/>Au moment de retirer sa demande d\u2019extradition, la Suisse aurait en outre demand\u00e9 aux Etats-Unis d\u2019arr\u00eater l\u2019homme d\u2019affaires s\u2019il se rendait sur leur territoire, indique le Washington Post. Une demande \u00e0 laquelle Washington n\u2019a pas donn\u00e9 suite.<\/p>\n<p>Un visa am\u00e9ricain malgr\u00e9 la demande suisse<\/p>\n<p>En juin, l\u2019administration am\u00e9ricaine a en effet d\u00e9livr\u00e9 \u00e0 Alejandro Betancourt un visa \u00e0 entr\u00e9es multiples. Il s\u2019est depuis rendu plusieurs fois aux Etats-Unis et a \u00e9galement voyag\u00e9 au Venezuela.<br \/>\u00a0<br \/>Cette affaire soul\u00e8ve une question centrale c\u00f4t\u00e9 suisse: quelle influence les d\u00e9marches am\u00e9ricaines ont-elles r\u00e9ellement exerc\u00e9e sur le d\u00e9roulement de la proc\u00e9dure?<br \/>\u00a0<br \/>Sollicit\u00e9 par la RTS, le DFAE indique ne pas vouloir commenter l\u2019article du Washington Post.<br \/>\u00a0<\/p>\n<p class=\"sources\">Michael Peuker\/hkr<\/p>\n","protected":false},"excerpt":{"rendered":"Alejandro Betancourt, interm\u00e9diaire privil\u00e9gi\u00e9 de Washington dans le secteur p\u00e9trolier v\u00e9n\u00e9zu\u00e9lien, fait l&rsquo;objet d\u2019une proc\u00e9dure p\u00e9nale en Suisse.&hellip;\n","protected":false},"author":2,"featured_media":285506,"comment_status":"","ping_status":"","sticky":false,"template":"","format":"standard","meta":{"footnotes":"","_share_on_mastodon":"0"},"categories":[5],"tags":[61982,503,504,318,50118,741,10367,40,39,92,61983,23,61984,3445,41,42],"class_list":["post-285505","post","type-post","status-publish","format-standard","has-post-thumbnail","category-international","tag-alejandro-betancourt-lopez","tag-criminalite","tag-droit-et-justice","tag-enquete","tag-extradition","tag-gouvernement","tag-industrie-petroliere","tag-international","tag-justice","tag-politique","tag-procedure-penale","tag-suisse","tag-the-washington-post","tag-washington","tag-world","tag-world-news"],"share_on_mastodon":{"url":"https:\/\/pubeurope.com\/@ch_fr\/117194117064774842","error":""},"_links":{"self":[{"href":"https:\/\/www.europesays.com\/ch-fr\/wp-json\/wp\/v2\/posts\/285505","targetHints":{"allow":["GET"]}}],"collection":[{"href":"https:\/\/www.europesays.com\/ch-fr\/wp-json\/wp\/v2\/posts"}],"about":[{"href":"https:\/\/www.europesays.com\/ch-fr\/wp-json\/wp\/v2\/types\/post"}],"author":[{"embeddable":true,"href":"https:\/\/www.europesays.com\/ch-fr\/wp-json\/wp\/v2\/users\/2"}],"replies":[{"embeddable":true,"href":"https:\/\/www.europesays.com\/ch-fr\/wp-json\/wp\/v2\/comments?post=285505"}],"version-history":[{"count":0,"href":"https:\/\/www.europesays.com\/ch-fr\/wp-json\/wp\/v2\/posts\/285505\/revisions"}],"wp:featuredmedia":[{"embeddable":true,"href":"https:\/\/www.europesays.com\/ch-fr\/wp-json\/wp\/v2\/media\/285506"}],"wp:attachment":[{"href":"https:\/\/www.europesays.com\/ch-fr\/wp-json\/wp\/v2\/media?parent=285505"}],"wp:term":[{"taxonomy":"category","embeddable":true,"href":"https:\/\/www.europesays.com\/ch-fr\/wp-json\/wp\/v2\/categories?post=285505"},{"taxonomy":"post_tag","embeddable":true,"href":"https:\/\/www.europesays.com\/ch-fr\/wp-json\/wp\/v2\/tags?post=285505"}],"curies":[{"name":"wp","href":"https:\/\/api.w.org\/{rel}","templated":true}]}}