{"id":285527,"date":"2026-09-01T05:41:17","date_gmt":"2026-09-01T05:41:17","guid":{"rendered":"https:\/\/www.europesays.com\/ch-fr\/285527\/"},"modified":"2026-09-01T05:41:17","modified_gmt":"2026-09-01T05:41:17","slug":"times-square-un-mort-dans-une-attaque-au-couteau-a-new-york","status":"publish","type":"post","link":"https:\/\/www.europesays.com\/ch-fr\/285527\/","title":{"rendered":"Times Square : un mort dans une attaque au couteau \u00e0 New York"},"content":{"rendered":"<p>L&rsquo;une des deux personnes bless\u00e9es lundi au couteau par une femme dans le quartier touristique de Times Square \u00e0 New York est d\u00e9c\u00e9d\u00e9e des suites de ses blessures. L&rsquo;assaillante, touch\u00e9e par des tirs policiers, est \u00e9galement d\u00e9c\u00e9d\u00e9e, annonce le maire.<\/p>\n<p>\u00ab\u00a0Je suis profond\u00e9ment attrist\u00e9 de vous annoncer que l&rsquo;une des victimes est d\u00e9c\u00e9d\u00e9e, tout comme l&rsquo;auteure pr\u00e9sum\u00e9e\u00a0\u00bb, a d\u00e9clar\u00e9 Zohran Mamdani lors d&rsquo;une conf\u00e9rence de presse. Une deuxi\u00e8me victime \u00ab\u00a0est actuellement hospitalis\u00e9e dans un \u00e9tat stable\u00a0\u00bb, a-t-il ajout\u00e9.<\/p>\n<p>\u00ab\u00a0A ce stade de l&rsquo;enqu\u00eate, nous n&rsquo;avons aucune raison de croire qu&rsquo;il s&rsquo;agit d&rsquo;un acte de terrorisme\u00a0\u00bb, a d\u00e9clar\u00e9 de son c\u00f4t\u00e9 la cheffe de la police de New York, Jessica Tisch, qui a pr\u00e9cis\u00e9 que l&rsquo;assaillante \u00e9tait connue pour des incidents li\u00e9s \u00e0 sa sant\u00e9 mentale.<\/p>\n<p>Celle-ci a \u00e9t\u00e9 identifi\u00e9e comme une personne de 49 ans, r\u00e9sidente du Queens.<\/p>\n<p> &gt;&gt; Des personnes se r\u00e9unissent pr\u00e8s du lieu de l&rsquo;attaque\u00a0: <img decoding=\"async\" src=\"https:\/\/www.europesays.com\/ch-fr\/wp-content\/uploads\/2026\/09\/2a170ad2-29343845.image.jpeg\" alt=\"Des personnes se r\u00e9unissent pr\u00e8s du lieu de l'attaque [REUTERS - Brendan McDermid]\" title=\"Des personnes se r\u00e9unissent pr\u00e8s du lieu de l'attaque [REUTERS - Brendan McDermid]\" loading=\"lazy\"\/>  [REUTERS &#8211; Brendan McDermid] En plein apr\u00e8s-midi<\/p>\n<p>Les faits sont survenus en plein apr\u00e8s-midi dans cette zone tr\u00e8s anim\u00e9e du centre de Manhattan.<\/p>\n<p>L&rsquo;auteure, arm\u00e9e de deux couteaux, a d&rsquo;abord poignard\u00e9 au niveau de l&rsquo;abdomen un homme de 68 ans, selon le r\u00e9cit de la cheffe de la police. Puis, elle s&rsquo;est approch\u00e9e d&rsquo;une deuxi\u00e8me victime, une femme de 32 ans, qu&rsquo;elle a poignard\u00e9e \u00e9galement au niveau du ventre. C&rsquo;est cette victime qui est d\u00e9c\u00e9d\u00e9e.<\/p>\n<p>Discussions infructueuses<\/p>\n<p>\u00ab\u00a0Les policiers ont tent\u00e9 de dialoguer avec la femme pendant quatre minutes et lui ont ordonn\u00e9 \u00e0 plusieurs reprises de l\u00e2cher les couteaux, ce qu&rsquo;elle a refus\u00e9 de faire\u00a0\u00bb, a poursuivi Jessica Tisch.<\/p>\n<p>Au cours de l&rsquo;\u00e9change, elle aurait d\u00e9clar\u00e9 aux policiers: \u00ab\u00a0Je ne l\u00e2cherai rien. Je pr\u00e9f\u00e9rerais vous tuer tous les deux\u00a0\u00bb\u00a0\u00bb, a-t-elle encore dit.<\/p>\n<p class=\"sources\">afp\/lbl<\/p>\n","protected":false},"excerpt":{"rendered":"L&rsquo;une des deux personnes bless\u00e9es lundi au couteau par une femme dans le quartier touristique de Times Square&hellip;\n","protected":false},"author":2,"featured_media":285528,"comment_status":"","ping_status":"","sticky":false,"template":"","format":"standard","meta":{"footnotes":"","_share_on_mastodon":"0"},"categories":[5],"tags":[37355,6445,15536,503,1795,504,6883,40,2949,421,2895,714,781,61986,1223,443,41,42],"class_list":["post-285527","post","type-post","status-publish","format-standard","has-post-thumbnail","category-international","tag-attaque-au-couteau","tag-blessure","tag-couteau","tag-criminalite","tag-deces","tag-droit-et-justice","tag-homicide","tag-international","tag-maire","tag-monde","tag-new-york","tag-policier","tag-quartier","tag-times-square","tag-tir","tag-victime","tag-world","tag-world-news"],"share_on_mastodon":{"url":"https:\/\/pubeurope.com\/@ch_fr\/117194187706307991","error":""},"_links":{"self":[{"href":"https:\/\/www.europesays.com\/ch-fr\/wp-json\/wp\/v2\/posts\/285527","targetHints":{"allow":["GET"]}}],"collection":[{"href":"https:\/\/www.europesays.com\/ch-fr\/wp-json\/wp\/v2\/posts"}],"about":[{"href":"https:\/\/www.europesays.com\/ch-fr\/wp-json\/wp\/v2\/types\/post"}],"author":[{"embeddable":true,"href":"https:\/\/www.europesays.com\/ch-fr\/wp-json\/wp\/v2\/users\/2"}],"replies":[{"embeddable":true,"href":"https:\/\/www.europesays.com\/ch-fr\/wp-json\/wp\/v2\/comments?post=285527"}],"version-history":[{"count":0,"href":"https:\/\/www.europesays.com\/ch-fr\/wp-json\/wp\/v2\/posts\/285527\/revisions"}],"wp:featuredmedia":[{"embeddable":true,"href":"https:\/\/www.europesays.com\/ch-fr\/wp-json\/wp\/v2\/media\/285528"}],"wp:attachment":[{"href":"https:\/\/www.europesays.com\/ch-fr\/wp-json\/wp\/v2\/media?parent=285527"}],"wp:term":[{"taxonomy":"category","embeddable":true,"href":"https:\/\/www.europesays.com\/ch-fr\/wp-json\/wp\/v2\/categories?post=285527"},{"taxonomy":"post_tag","embeddable":true,"href":"https:\/\/www.europesays.com\/ch-fr\/wp-json\/wp\/v2\/tags?post=285527"}],"curies":[{"name":"wp","href":"https:\/\/api.w.org\/{rel}","templated":true}]}}