{"id":285543,"date":"2026-09-01T05:55:13","date_gmt":"2026-09-01T05:55:13","guid":{"rendered":"https:\/\/www.europesays.com\/ch-fr\/285543\/"},"modified":"2026-09-01T05:55:13","modified_gmt":"2026-09-01T05:55:13","slug":"mulhouse-le-moustique-tigre-un-indesirable-invite-qui-envahit-les-quartiers","status":"publish","type":"post","link":"https:\/\/www.europesays.com\/ch-fr\/285543\/","title":{"rendered":"Mulhouse. Le moustique tigre, un ind\u00e9sirable invit\u00e9 qui envahit les quartiers"},"content":{"rendered":"<p>Cinq minutes dans le jardin montre en main suffisent \u00e0 avoir un aper\u00e7u. \u00ab\u00a0Paf, paf, paf\u00a0!\u00a0\u00bb\u00a0: le visiteur en vient tr\u00e8s rapidement \u00e0 se coller des claques sur les mollets et les avant-bras pour d\u00e9zinguer ses sournois assaillants. Malgr\u00e9 six cadavres dans son sillage, il rentre avec des d\u00e9mangeaisons suppl\u00e9mentaires. \u00ab\u00a0On ne sort plus \u00e0 cause des <a href=\"https:\/\/www.lalsace.fr\/environnement\/2026\/04\/15\/des-conditions-meteo-ideales-pour-le-moustique-tigre-ce-printemps\" target=\"_blank\" rel=\"nofollow noopener\">moustiques tigres<\/a>, c\u2019est une catastrophe\u00a0\u00bb, soupire Pierre Naegelin qui, avec son \u00e9pouse Sabine, a renonc\u00e9 \u00e0 profiter de son petit coin de verdure ombrag\u00e9 rue de la Mer-Rouge \u00e0 Mulhouse.<\/p>\n<p>  Un probl\u00e8me depuis les chaleurs de mai<\/p>\n<p>Depuis longtemps d\u00e9j\u00e0\u00a0explique-t-il\u00a0: \u00ab\u00a0\u00c7a a commenc\u00e9 avec les premi\u00e8res chaleurs de mai et cela ne s\u2019est plus arr\u00eat\u00e9\u00a0\u00bb, observe le sapeur-pompier retrait\u00e9 install\u00e9 depuis 22 ans dans ce coin de Dornach. Si les moustiques y ont toujours jou\u00e9 les trouble-f\u00eates de soir\u00e9es estivales, leurs silencieux cousins ray\u00e9s ont point\u00e9 le bout de leur trompe il y a deux ans avant de prolif\u00e9rer cet \u00e9t\u00e9 au point de pourrir la vie du quartier, de jour comme de nuit.<\/p>\n<p>\u00ab\u00a0On ne va plus dans le jardin que pour cueillir les l\u00e9gumes et encore, souvent avec des manches longues et en pantalon\u00a0\u00bb, poursuit le Mulhousien de 69 ans qui n\u2019a pas os\u00e9 tremper ne serait-ce qu\u2019un orteil dans le petit spa abrit\u00e9 sous un pan de terrasse. Ayant \u00e9galement renonc\u00e9 au balcon tandis qu\u2019il a fix\u00e9 des moustiquaires \u00e0 chaque fen\u00eatre, il se r\u00e9signe pourtant\u00a0: \u00ab\u00a0Chaque fois qu\u2019on va dehors, on en ram\u00e8ne.\u00a0\u00bb<\/p>\n<p>Ce n\u2019est pas faute d\u2019avoir essay\u00e9, indique Pierre Naegelin, les pi\u00e8ges, lampes UV, spirales, bougies et autres dispositifs, arsenal qui s\u2019est r\u00e9v\u00e9l\u00e9 aussi inefficace que <a href=\"https:\/\/www.lalsace.fr\/sante\/2026\/07\/11\/la-prevention-premier-rempart-contre-la-proliferation-du-moustique-tigre\" target=\"_blank\" rel=\"nofollow noopener\">les mesures pr\u00e9ventives<\/a>. En revanche, la bo\u00eete \u00e0 pharmacie a \u00e9t\u00e9 \u00e9toff\u00e9e de gels et cr\u00e8mes pour apaiser les d\u00e9mangeaisons. \u00ab\u00a0Les soucoupes sont retourn\u00e9es ou enlev\u00e9es, la coupelle d\u2019eau pour les oiseaux est chang\u00e9e tous les jours, il n\u2019y a pas d\u2019eau stagnante\u00a0\u00bb, reprend le sexag\u00e9naire en pr\u00e9cisant que poissons et grenouilles se chargent des larves pondues dans le petit bassin. Mais l\u00e0 encore, rien n\u2019y fait, pas plus que l\u2019interruption de l\u2019arrosage du potager pendant une semaine\u00a0: humide ou sec, l\u2019air est rempli de moustiques tigres.<\/p>\n<p>  \u00ab\u00a0Il n\u2019y a plus d\u2019odeur de barbecue dans le quartier\u00a0\u00bb<\/p>\n<p>\u00ab\u00a0On le vit mal, \u00e7a nous rend dingue\u00a0\u00bb, confie Sabine Naegelin en soulignant que tout le secteur est concern\u00e9. \u00ab\u00a0Les gens n\u2019utilisent plus leur piscine, une voisine ne sort pas lire alors qu\u2019elle le faisait tout le temps, un autre voisin s\u2019est carr\u00e9ment \u00e9quip\u00e9 d\u2019une tenue d\u2019apiculteur pour aller dans son jardin\u00a0\u00bb, relate le couple. Un indice dit tout\u00a0: \u00ab\u00a0Il n\u2019y a plus d\u2019odeur de barbecue dans le quartier.\u00a0\u00bb<\/p>\n<p>Si le ruisseau Steinbaechlein s\u2019\u00e9coule \u00e0 une centaine de m\u00e8tres, le probl\u00e8me en d\u00e9borde le p\u00e9rim\u00e8tre, s\u2019\u00e9tendant \u00e0 plusieurs rues et au-del\u00e0 ce qui dissuade Pierre Naegelin de solliciter des professionnels. \u00ab\u00a0On ne sait pas d\u2019o\u00f9 cela vient, \u00e7a nous d\u00e9passe largement. On est d\u00e9muni.\u00a0\u00bb Sabine Naegelin conclut\u00a0: \u00ab\u00a0Les piq\u00fbres sont g\u00eanantes, mais le risque de maladie fait un peu peur aussi. On a le sentiment d\u2019\u00eatre condamn\u00e9 \u00e0 rester \u00e0 l\u2019int\u00e9rieur.\u00a0\u00bb<\/p>\n","protected":false},"excerpt":{"rendered":"Cinq minutes dans le jardin montre en main suffisent \u00e0 avoir un aper\u00e7u. \u00ab\u00a0Paf, paf, paf\u00a0!\u00a0\u00bb\u00a0: le visiteur&hellip;\n","protected":false},"author":2,"featured_media":285544,"comment_status":"","ping_status":"","sticky":false,"template":"","format":"standard","meta":{"footnotes":"","_share_on_mastodon":"0"},"categories":[9],"tags":[1063,8563,355,297,83,9630,84,11803,238,23],"class_list":["post-285543","post","type-post","status-publish","format-standard","has-post-thumbnail","category-sante","tag-animaux","tag-edition-mulhouse-thann","tag-environnement","tag-fil-info","tag-health","tag-mulhouse","tag-sante","tag-secteur-de-mulhouse","tag-societe","tag-suisse"],"share_on_mastodon":{"url":"https:\/\/pubeurope.com\/@ch_fr\/117194242594615006","error":""},"_links":{"self":[{"href":"https:\/\/www.europesays.com\/ch-fr\/wp-json\/wp\/v2\/posts\/285543","targetHints":{"allow":["GET"]}}],"collection":[{"href":"https:\/\/www.europesays.com\/ch-fr\/wp-json\/wp\/v2\/posts"}],"about":[{"href":"https:\/\/www.europesays.com\/ch-fr\/wp-json\/wp\/v2\/types\/post"}],"author":[{"embeddable":true,"href":"https:\/\/www.europesays.com\/ch-fr\/wp-json\/wp\/v2\/users\/2"}],"replies":[{"embeddable":true,"href":"https:\/\/www.europesays.com\/ch-fr\/wp-json\/wp\/v2\/comments?post=285543"}],"version-history":[{"count":0,"href":"https:\/\/www.europesays.com\/ch-fr\/wp-json\/wp\/v2\/posts\/285543\/revisions"}],"wp:featuredmedia":[{"embeddable":true,"href":"https:\/\/www.europesays.com\/ch-fr\/wp-json\/wp\/v2\/media\/285544"}],"wp:attachment":[{"href":"https:\/\/www.europesays.com\/ch-fr\/wp-json\/wp\/v2\/media?parent=285543"}],"wp:term":[{"taxonomy":"category","embeddable":true,"href":"https:\/\/www.europesays.com\/ch-fr\/wp-json\/wp\/v2\/categories?post=285543"},{"taxonomy":"post_tag","embeddable":true,"href":"https:\/\/www.europesays.com\/ch-fr\/wp-json\/wp\/v2\/tags?post=285543"}],"curies":[{"name":"wp","href":"https:\/\/api.w.org\/{rel}","templated":true}]}}