{"id":285557,"date":"2026-09-01T06:04:07","date_gmt":"2026-09-01T06:04:07","guid":{"rendered":"https:\/\/www.europesays.com\/ch-fr\/285557\/"},"modified":"2026-09-01T06:04:07","modified_gmt":"2026-09-01T06:04:07","slug":"suisse-et-allemagne-projet-de-centre-policier-commun-a-bale","status":"publish","type":"post","link":"https:\/\/www.europesays.com\/ch-fr\/285557\/","title":{"rendered":"Suisse et Allemagne : projet de centre policier commun \u00e0 B\u00e2le"},"content":{"rendered":"\n<p>La Suisse et l&rsquo;Allemagne pr\u00e9voient l&rsquo;ouverture d&rsquo;un Centre de coop\u00e9ration polici\u00e8re et douani\u00e8re \u00e0 B\u00e2le dans les mois \u00e0 venir.Les deux ministres veulent renforcer la lutte contre la criminalit\u00e9 transfrontali\u00e8re et la migration ill\u00e9gale entre les deux pays.Les demandes d&rsquo;asile reculent en Suisse et en Allemagne depuis l&rsquo;entr\u00e9e en vigueur du pacte migratoire de l&rsquo;UE en juin dernier.<\/p>\n<p>Ce r\u00e9sum\u00e9 a-t-il \u00e9t\u00e9 utile ?<\/p>\n<p>    \u2139\ufe0f R\u00e9sum\u00e9 propos\u00e9 par l&rsquo;IA et valid\u00e9 par nos journalistes. <a class=\"article-summary-info__link\" href=\"https:\/\/www.rts.ch\/entreprise\/2025\/article\/charte-sur-l-utilisation-de-l-ia-a-la-rts-29020587.html\" rel=\"nofollow noopener\" target=\"_blank\">En savoir plus<\/a>  <\/p>\n<p> Masquer  <\/p>\n","protected":false},"excerpt":{"rendered":"La Suisse et l&rsquo;Allemagne pr\u00e9voient l&rsquo;ouverture d&rsquo;un Centre de coop\u00e9ration polici\u00e8re et douani\u00e8re \u00e0 B\u00e2le dans les mois&hellip;\n","protected":false},"author":2,"featured_media":285558,"comment_status":"","ping_status":"","sticky":false,"template":"","format":"standard","meta":{"footnotes":"","_share_on_mastodon":"0"},"categories":[18],"tags":[61988,1830,175,176,2395,12030,27866,741,921,9000,2242,306,714,92,238,23],"class_list":["post-285557","post","type-post","status-publish","format-standard","has-post-thumbnail","category-bale","tag-alexander-dobrindt","tag-allemagne","tag-bale","tag-basel","tag-beat-jans","tag-cooperation","tag-fusillade-de-masse","tag-gouvernement","tag-immigration","tag-migration","tag-ministre","tag-police","tag-policier","tag-politique","tag-societe","tag-suisse"],"share_on_mastodon":{"url":"https:\/\/pubeurope.com\/@ch_fr\/117194277946027501","error":""},"_links":{"self":[{"href":"https:\/\/www.europesays.com\/ch-fr\/wp-json\/wp\/v2\/posts\/285557","targetHints":{"allow":["GET"]}}],"collection":[{"href":"https:\/\/www.europesays.com\/ch-fr\/wp-json\/wp\/v2\/posts"}],"about":[{"href":"https:\/\/www.europesays.com\/ch-fr\/wp-json\/wp\/v2\/types\/post"}],"author":[{"embeddable":true,"href":"https:\/\/www.europesays.com\/ch-fr\/wp-json\/wp\/v2\/users\/2"}],"replies":[{"embeddable":true,"href":"https:\/\/www.europesays.com\/ch-fr\/wp-json\/wp\/v2\/comments?post=285557"}],"version-history":[{"count":0,"href":"https:\/\/www.europesays.com\/ch-fr\/wp-json\/wp\/v2\/posts\/285557\/revisions"}],"wp:featuredmedia":[{"embeddable":true,"href":"https:\/\/www.europesays.com\/ch-fr\/wp-json\/wp\/v2\/media\/285558"}],"wp:attachment":[{"href":"https:\/\/www.europesays.com\/ch-fr\/wp-json\/wp\/v2\/media?parent=285557"}],"wp:term":[{"taxonomy":"category","embeddable":true,"href":"https:\/\/www.europesays.com\/ch-fr\/wp-json\/wp\/v2\/categories?post=285557"},{"taxonomy":"post_tag","embeddable":true,"href":"https:\/\/www.europesays.com\/ch-fr\/wp-json\/wp\/v2\/tags?post=285557"}],"curies":[{"name":"wp","href":"https:\/\/api.w.org\/{rel}","templated":true}]}}