{"id":285583,"date":"2026-09-01T06:29:35","date_gmt":"2026-09-01T06:29:35","guid":{"rendered":"https:\/\/www.europesays.com\/ch-fr\/285583\/"},"modified":"2026-09-01T06:29:35","modified_gmt":"2026-09-01T06:29:35","slug":"seal-team-netflix-ce-que-vous-ne-devinerez-jamais-a-propos-de-david-boreanaz-en-regardant-la-serie","status":"publish","type":"post","link":"https:\/\/www.europesays.com\/ch-fr\/285583\/","title":{"rendered":"SEAL Team (Netflix) : Ce que vous ne devinerez jamais \u00e0 propos de David Boreanaz en regardant la s\u00e9rie"},"content":{"rendered":"<p>La s\u00e9rie am\u00e9ricaine SEAL Team a connu un grand succ\u00e8s lors de sa diffusion, de 2017 \u00e0 2024. L\u2019arriv\u00e9e du programme sur le catalogue fran\u00e7ais de Netflix cet \u00e9t\u00e9 a permis de remettre la lumi\u00e8re sur cette s\u00e9rie militaire salu\u00e9e pour son r\u00e9alisme et son authenticit\u00e9\u2026 jusque dans les costumes ! <a href=\"https:\/\/collider.com\/seal-team-david-boreanaz-helmet-meaning\/\" rel=\"nofollow noopener\" target=\"_blank\">Le casque port\u00e9 par David Boreanaz, qui incarne le personnage principal, appartenait \u00e0 un ancien Marine.<\/a><\/p>\n<p>Personnage embl\u00e9matique de SEAL Team, Jason Hayes s\u2019est donc \u00e9galement d\u00e9marqu\u00e9 par sa tenue dans la s\u00e9rie. Le casque du militaire n\u2019est autre que celui de Mark Owen, un ancien militaire membre de la v\u00e9ritable SEAL Team. Cette petite touche de r\u00e9alisme a \u00e9t\u00e9 ajout\u00e9e pour rendre hommage aux h\u00e9ros incarn\u00e9s par les diff\u00e9rents acteurs dans la s\u00e9rie.<\/p>\n<p>SEAL Team : le casque de Jason Hayes appartenait \u00e0 un ancien militaire<\/p>\n<p>La plupart des costumes de SEAL Team ont \u00e9t\u00e9 con\u00e7us sp\u00e9cifiquement pour le tournage. Le casque de Jason Hayes, qui appartenait \u00e0 Mark Owen, est donc une exception. Producteur ex\u00e9cutif de la s\u00e9rie, Mark Owen est celui qui a propos\u00e9 l\u2019id\u00e9e initiale de la s\u00e9rie. L\u2019ancien militaire s\u2019est battu en mer pendant de nombreuses ann\u00e9es, notamment au Moyen-Orient.<\/p>\n<p>\u00ab\u00a0Je porte son casque\u00a0\u00bb, a d\u00e9clar\u00e9 Boreanaz dans une interview \u00e0 Parade. \u00ab\u00a0Je pourrais porter un casque [de d\u00e9cor] plus l\u00e9ger, mais j&rsquo;ai d\u00e9cid\u00e9 de porter son vrai casque pour lui rendre hommage, et je le ferai tout au long de la s\u00e9rie\u00a0\u00bb, a poursuivi l\u2019acteur, connu notamment pour son r\u00f4le dans Bones, o\u00f9 il incarne l&rsquo;agent sp\u00e9cial du FBI Seeley Booth.<\/p>\n<p>Mark Owen a notamment particip\u00e9 \u00e0 l\u2019assassinat du djihadiste Oussama Ben Laden. Il raconte ce passage de sa carri\u00e8re dans un livre en 2012, intitul\u00e9 Ce jour-l\u00e0: Au c\u0153ur du commando qui a tu\u00e9 Ben Laden. Ayant pass\u00e9 quatorze ans dans la SEAL Team, Mark Owen a pu <a href=\"https:\/\/www.programme-tv.net\/news\/series-tv\/407158-seal-team-la-serie-avec-david-boreanaz-qui-cartonne-sur-netflix-est-elle-inspiree-dune-histoire-vraie\/\" data-api-deeplink=\"teleloisirs:\/\/news\/407158\" rel=\"nofollow noopener\" target=\"_blank\">apporter \u00e9norm\u00e9ment d\u2019authenticit\u00e9 \u00e0 la s\u00e9rie \u00e0 succ\u00e8s. <\/a><\/p>\n<p>SEAL Team : la s\u00e9rie salu\u00e9e de nombreuses fois pour son r\u00e9alisme<\/p>\n<p>Si SEAL Team a connu autant de succ\u00e8s, <a href=\"https:\/\/www.programme-tv.net\/news\/series-tv\/406921-seal-team-netflix-les-vraies-raisons-de-lannulation-de-la-serie\/\" data-api-deeplink=\"teleloisirs:\/\/news\/406921\" rel=\"nofollow noopener\" target=\"_blank\">et a pu s\u2019\u00e9taler sur sept saisons<\/a>, c\u2019est notamment car elle repr\u00e9senterait de mani\u00e8re tr\u00e8s r\u00e9aliste le quotidien de ces soldats d\u2019exception. La s\u00e9rie contribue \u00e0 faire conna\u00eetre les exp\u00e9riences et les histoires de ces militaires et met \u00e9galement en lumi\u00e8re les conflits \u00e9motionnels et personnels auxquels les soldats sont confront\u00e9s \u00e0 leur retour au pays.<\/p>\n<p>Dans une interview accord\u00e9e \u00e0 Military.com, l\u2019acteur Tyler Grey, qui incarne Trent Sawyer dans la s\u00e9rie, a expliqu\u00e9 que la s\u00e9rie avait vraiment voulu partir d\u2019exp\u00e9riences r\u00e9elles : \u00ab\u00a0Au tout d\u00e9but, le projet est n\u00e9 de l\u2019initiative d\u2019un ancien militaire qui souhaitait cr\u00e9er une s\u00e9rie sur les op\u00e9rations sp\u00e9ciales. C\u2019est un v\u00e9t\u00e9ran qui en a \u00e9t\u00e9 \u00e0 l\u2019origine, et non l\u2019inverse. C\u2019est tr\u00e8s rare\u00a0\u00bb.<\/p>\n<p>De son c\u00f4t\u00e9, <a href=\"https:\/\/www.programme-tv.net\/news\/series-tv\/406819-seal-team-netflix-david-boreanaz-naurait-jamais-du-incarner-le-role-de-jason-hayes\/\" data-api-deeplink=\"teleloisirs:\/\/news\/406819\" rel=\"nofollow noopener\" target=\"_blank\">David Boreanaz a lui aussi \u00e9t\u00e9 marqu\u00e9 par son r\u00f4le dans la s\u00e9rie<\/a>. \u00ab\u00a0[Jason Hayes] compte beaucoup pour moi\u00a0\u00bb, a d\u00e9clar\u00e9 l&rsquo;acteur au magazine Parade. \u00ab\u00a0En l&rsquo;incarnant, je me sens plus en phase que jamais avec un personnage.\u00a0\u00bb \u00ab\u00a0En tant qu\u2019acteur jouant ces \u00e9motions, je ne peux qu\u2019imaginer ce que cela repr\u00e9sente pour ceux qui les vivent r\u00e9ellement\u00a0\u00bb, a t-il conclu.<\/p>\n<p>Article \u00e9crit en collaboration avec 6Medias<\/p>\n","protected":false},"excerpt":{"rendered":"La s\u00e9rie am\u00e9ricaine SEAL Team a connu un grand succ\u00e8s lors de sa diffusion, de 2017 \u00e0 2024.&hellip;\n","protected":false},"author":2,"featured_media":285584,"comment_status":"","ping_status":"","sticky":false,"template":"","format":"standard","meta":{"footnotes":"","_share_on_mastodon":"0"},"categories":[13],"tags":[2311,489,11017,113,112,51057,486,485,43785,51059,51060,51061,23,487,142,51058],"class_list":["post-285583","post","type-post","status-publish","format-standard","has-post-thumbnail","category-television","tag-channel_tl-story","tag-commentaire","tag-david-boreanaz","tag-divertissement","tag-entertainment","tag-guid_5853798649001","tag-netflix","tag-pub-streaming-netflix","tag-seal-team","tag-seal-team-133562879","tag-seal-team-133562886","tag-seal-team-133562991","tag-suisse","tag-svod","tag-television","tag-uuid_7e60ea9a-7ed2-41b7-899e-daed0ff2169e"],"share_on_mastodon":{"url":"https:\/\/pubeurope.com\/@ch_fr\/117194376190281521","error":""},"_links":{"self":[{"href":"https:\/\/www.europesays.com\/ch-fr\/wp-json\/wp\/v2\/posts\/285583","targetHints":{"allow":["GET"]}}],"collection":[{"href":"https:\/\/www.europesays.com\/ch-fr\/wp-json\/wp\/v2\/posts"}],"about":[{"href":"https:\/\/www.europesays.com\/ch-fr\/wp-json\/wp\/v2\/types\/post"}],"author":[{"embeddable":true,"href":"https:\/\/www.europesays.com\/ch-fr\/wp-json\/wp\/v2\/users\/2"}],"replies":[{"embeddable":true,"href":"https:\/\/www.europesays.com\/ch-fr\/wp-json\/wp\/v2\/comments?post=285583"}],"version-history":[{"count":0,"href":"https:\/\/www.europesays.com\/ch-fr\/wp-json\/wp\/v2\/posts\/285583\/revisions"}],"wp:featuredmedia":[{"embeddable":true,"href":"https:\/\/www.europesays.com\/ch-fr\/wp-json\/wp\/v2\/media\/285584"}],"wp:attachment":[{"href":"https:\/\/www.europesays.com\/ch-fr\/wp-json\/wp\/v2\/media?parent=285583"}],"wp:term":[{"taxonomy":"category","embeddable":true,"href":"https:\/\/www.europesays.com\/ch-fr\/wp-json\/wp\/v2\/categories?post=285583"},{"taxonomy":"post_tag","embeddable":true,"href":"https:\/\/www.europesays.com\/ch-fr\/wp-json\/wp\/v2\/tags?post=285583"}],"curies":[{"name":"wp","href":"https:\/\/api.w.org\/{rel}","templated":true}]}}