{"id":285791,"date":"2026-09-01T09:08:29","date_gmt":"2026-09-01T09:08:29","guid":{"rendered":"https:\/\/www.europesays.com\/ch-fr\/285791\/"},"modified":"2026-09-01T09:08:29","modified_gmt":"2026-09-01T09:08:29","slug":"lausanne-sport-engage-koba-koindredi-jusquen-juin-2029","status":"publish","type":"post","link":"https:\/\/www.europesays.com\/ch-fr\/285791\/","title":{"rendered":"Lausanne-Sport engage Koba Koindredi jusqu&rsquo;en juin 2029"},"content":{"rendered":"<p>Ilija Despotovic va d\u00e9couvrir la 2e division fran\u00e7aise. Deux semaines apr\u00e8s avoir d\u00e9missionn\u00e9 du Lausanne-Sport, l&rsquo;attaquant de 18 ans s&rsquo;est engag\u00e9 pour une dur\u00e9e non pr\u00e9cis\u00e9e aupr\u00e8s du Red Star FC.<\/p>\n<p>Contenu externe<\/p>\n<p> Ce contenu externe ne peut pas \u00eatre affich\u00e9 car il est susceptible de collecter des donn\u00e9es personnelles. Pour voir ce contenu vous devez autoriser la cat\u00e9gorie R\u00e9seaux sociaux. <\/p>\n<p> Accepter Plus d&rsquo;info <\/p>\n<p>Les 2 clubs \u00ab\u00a0ont trouv\u00e9 un accord pour l&rsquo;arriv\u00e9e\u00a0\u00bb de l&rsquo;international suisse M18, pr\u00e9cise l&rsquo;\u00e9quipe francilienne dans son communiqu\u00e9. Despotovic s&rsquo;\u00e9tait attir\u00e9 les foudres des dirigeants du LS \u00e0 la mi-ao\u00fbt, lorsqu&rsquo;il avait annonc\u00e9 sa d\u00e9mission du club \u00e0 quelques heures du match de premier tour de Coupe de Suisse.<\/p>\n<p>Contenu externe<\/p>\n<p> Ce contenu externe ne peut pas \u00eatre affich\u00e9 car il est susceptible de collecter des donn\u00e9es personnelles. Pour voir ce contenu vous devez autoriser la cat\u00e9gorie R\u00e9seaux sociaux. <\/p>\n<p> Accepter Plus d&rsquo;info <\/p>\n","protected":false},"excerpt":{"rendered":"Ilija Despotovic va d\u00e9couvrir la 2e division fran\u00e7aise. Deux semaines apr\u00e8s avoir d\u00e9missionn\u00e9 du Lausanne-Sport, l&rsquo;attaquant de 18&hellip;\n","protected":false},"author":2,"featured_media":285792,"comment_status":"","ping_status":"","sticky":false,"template":"","format":"standard","meta":{"footnotes":"","_share_on_mastodon":"0"},"categories":[19],"tags":[7220,179,182,1701,177,466,186,9711,23,188,2085],"class_list":["post-285791","post","type-post","status-publish","format-standard","has-post-thumbnail","category-lausanne","tag-contrat","tag-fc-lausanne-sport","tag-football","tag-francais","tag-lausanne","tag-rts-sport","tag-sport","tag-stade-de-la-tuiliere","tag-suisse","tag-super-league","tag-tout-le-sport"],"share_on_mastodon":{"url":"https:\/\/pubeurope.com\/@ch_fr\/117195001445854780","error":""},"_links":{"self":[{"href":"https:\/\/www.europesays.com\/ch-fr\/wp-json\/wp\/v2\/posts\/285791","targetHints":{"allow":["GET"]}}],"collection":[{"href":"https:\/\/www.europesays.com\/ch-fr\/wp-json\/wp\/v2\/posts"}],"about":[{"href":"https:\/\/www.europesays.com\/ch-fr\/wp-json\/wp\/v2\/types\/post"}],"author":[{"embeddable":true,"href":"https:\/\/www.europesays.com\/ch-fr\/wp-json\/wp\/v2\/users\/2"}],"replies":[{"embeddable":true,"href":"https:\/\/www.europesays.com\/ch-fr\/wp-json\/wp\/v2\/comments?post=285791"}],"version-history":[{"count":0,"href":"https:\/\/www.europesays.com\/ch-fr\/wp-json\/wp\/v2\/posts\/285791\/revisions"}],"wp:featuredmedia":[{"embeddable":true,"href":"https:\/\/www.europesays.com\/ch-fr\/wp-json\/wp\/v2\/media\/285792"}],"wp:attachment":[{"href":"https:\/\/www.europesays.com\/ch-fr\/wp-json\/wp\/v2\/media?parent=285791"}],"wp:term":[{"taxonomy":"category","embeddable":true,"href":"https:\/\/www.europesays.com\/ch-fr\/wp-json\/wp\/v2\/categories?post=285791"},{"taxonomy":"post_tag","embeddable":true,"href":"https:\/\/www.europesays.com\/ch-fr\/wp-json\/wp\/v2\/tags?post=285791"}],"curies":[{"name":"wp","href":"https:\/\/api.w.org\/{rel}","templated":true}]}}