{"id":285815,"date":"2026-09-01T09:25:12","date_gmt":"2026-09-01T09:25:12","guid":{"rendered":"https:\/\/www.europesays.com\/ch-fr\/285815\/"},"modified":"2026-09-01T09:25:12","modified_gmt":"2026-09-01T09:25:12","slug":"la-chapelle-de-lujat-beneficie-du-soutien-de-la-mission-bern","status":"publish","type":"post","link":"https:\/\/www.europesays.com\/ch-fr\/285815\/","title":{"rendered":"La chapelle de Lujat b\u00e9n\u00e9ficie du soutien de la Mission Bern"},"content":{"rendered":"<p>La Fondation du patrimoine a d\u00e9voil\u00e9, dans un dossier de presse dat\u00e9 du 31 ao\u00fbt, les huit sites d\u00e9partementaux retenus pour l\u2019\u00e9dition 2026 du Loto du patrimoine en Occitanie-Pyr\u00e9n\u00e9es. Port\u00e9e par St\u00e9phane Bern et soutenue par le minist\u00e8re de la Culture et FDJ United, la Mission Patrimoine met une nouvelle fois en lumi\u00e8re des monuments menac\u00e9s \u00e0 travers toute la France, avec, cette ann\u00e9e encore, une belle place pour l\u2019Ari\u00e8ge.<\/p>\n<p class=\"wp-block-paragraph\">Lanc\u00e9e en 2018 \u00e0 l\u2019initiative du pr\u00e9sident de la R\u00e9publique, la Mission Patrimoine a pour vocation d\u2019identifier les sites en p\u00e9ril et de leur trouver de nouvelles sources de financement. Depuis sa cr\u00e9ation, elle a permis d\u2019aider plus de 1 080 sites, dont plus de 70 % sont aujourd\u2019hui sauv\u00e9s ou en voie de l\u2019\u00eatre, pour un montant total de plus de 383 millions d\u2019euros collect\u00e9s gr\u00e2ce au Loto du patrimoine, aux cr\u00e9dits du minist\u00e8re de la Culture et au m\u00e9c\u00e9nat. Cette neuvi\u00e8me \u00e9dition, dont l\u2019offre de jeux FDJ United est lanc\u00e9e ce 31 ao\u00fbt, propose un nouveau jeu \u00e0 gratter pouvant rapporter jusqu\u2019\u00e0 1,5 million d\u2019euros, ainsi que huit tirages Loto d\u00e9di\u00e9s entre le 7 et le 21 septembre, compl\u00e9t\u00e9s par un Super Loto le 18 septembre, veille des Journ\u00e9es europ\u00e9ennes du patrimoine.<\/p>\n<p class=\"wp-block-paragraph\">Au niveau national, cent projets ont \u00e9t\u00e9 s\u00e9lectionn\u00e9s cette ann\u00e9e, dont dix-huit sites embl\u00e9matiques par r\u00e9gion et un site par d\u00e9partement. Pour l\u2019Occitanie-Pyr\u00e9n\u00e9es, huit monuments ont ainsi \u00e9t\u00e9 choisis, repr\u00e9sentatifs de la diversit\u00e9 des \u00e9poques et des usages du patrimoine r\u00e9gional : la chapelle de Lujat \u00e0 Ornolac-Ussat-les-Bains en Ari\u00e8ge, le hameau de La Roujarie \u00e0 Saint-Andr\u00e9-de-V\u00e9zines en Aveyron, le ch\u00e2teau de La Salvetat-Saint-Gilles en Haute-Garonne, l\u2019abbaye Sainte-Marie de Boulaur dans le Gers, l\u2019\u00e9glise Saint-Maur \u00e0 Martel dans le Lot, l\u2019\u00e9glise Saint-Jean-Baptiste de Maz\u00e8res \u00e0 Castelnau-Rivi\u00e8re-Basse dans les Hautes-Pyr\u00e9n\u00e9es, le ch\u00e2teau du Tour \u00e0 Prades dans le Tarn, et le moulin de Montech en Tarn-et-Garonne.<\/p>\n<p class=\"wp-block-paragraph\">C\u2019est la chapelle de Lujat, sur les hauteurs d\u2019Ornolac-Ussat-les-Bains, qui repr\u00e9sente l\u2019Ari\u00e8ge dans cette s\u00e9lection 2026. <\/p>\n<p class=\"wp-block-paragraph\">Perch\u00e9 en montagne au-dessus du village, cet \u00e9difice religieux de style roman t\u00e9moigne d\u2019une architecture rurale m\u00e9di\u00e9vale datant tr\u00e8s probablement de la premi\u00e8re moiti\u00e9 du XIIe si\u00e8cle, avec des transformations plus tardives aux XVIIIe ou XIXe si\u00e8cles et des interventions de consolidation au XXe si\u00e8cle. Propri\u00e9t\u00e9 de la commune, la chapelle conserve des \u00e9l\u00e9ments remarquables malgr\u00e9 son abandon prolong\u00e9 : trav\u00e9es vo\u00fbt\u00e9es en berceau, arcs doubleaux et un appareil de pierre particuli\u00e8rement soign\u00e9.<\/p>\n<p><img loading=\"lazy\" decoding=\"async\" width=\"500\" height=\"352\" src=\"https:\/\/www.europesays.com\/ch-fr\/wp-content\/uploads\/2026\/09\/Eglise-Lujat-loto-patrimoine-2026-detail.jpg\" alt=\"\" class=\"wp-image-95795\" style=\"width:348px;height:auto\"  \/>Chapelle de Lujat \u00a9 Fondation du patrimoine<\/p>\n<p class=\"wp-block-paragraph\">Le monument se trouve toutefois aujourd\u2019hui dans un \u00e9tat de p\u00e9ril av\u00e9r\u00e9. Priv\u00e9e de son chevet et de toute couverture, la chapelle reste largement expos\u00e9e aux intemp\u00e9ries, ce qui fragilise sa vo\u00fbte en berceau. Les ma\u00e7onneries, m\u00ealant schiste et calcaire, pr\u00e9sentent des d\u00e9sordres importants, tandis que l\u2019accumulation de terre et le d\u00e9veloppement de la v\u00e9g\u00e9tation accentuent les risques de d\u00e9stabilisation. Sans intervention, ces d\u00e9sordres pourraient s\u2019aggraver rapidement et menacer les parties encore debout de l\u2019\u00e9difice.<\/p>\n<p class=\"wp-block-paragraph\">La commune d\u2019Ornolac-Ussat-les-Bains porte un projet de valorisation visant \u00e0 redonner toute sa lisibilit\u00e9 au site. Les travaux pr\u00e9vus, qui ne visent pas \u00e0 restituer le chevet ni la toiture, porteront sur la consolidation des ma\u00e7onneries, la reprise des parties fragilis\u00e9es et le remplacement des ajouts en ciment inadapt\u00e9s par des mortiers plus respectueux de l\u2019\u00e9difice d\u2019origine. Les abords seront d\u00e9gag\u00e9s pour retrouver les niveaux anciens et un dispositif de m\u00e9diation, avec panneaux explicatifs, viendra enrichir la d\u00e9couverte du lieu pour les visiteurs. Le d\u00e9marrage des travaux est annonc\u00e9 pour le troisi\u00e8me trimestre 2026, avec une ouverture au public pr\u00e9vue en 2028.<\/p>\n<p class=\"wp-block-paragraph\">Le montant de la dotation accord\u00e9e \u00e0 chaque site d\u00e9partemental sera communiqu\u00e9 en fin d\u2019ann\u00e9e, en fonction des ventes des jeux Mission Patrimoine.<\/p>\n<p class=\"wp-block-paragraph\"><a href=\"https:\/\/www.culture.gouv.fr\/actualites\/loto-du-patrimoine-2026-100-sites-100-histoires-a-preserver\" target=\"_blank\" rel=\"noopener nofollow\" title=\"\">www.culture.gouv.fr<\/a><\/p>\n","protected":false},"excerpt":{"rendered":"La Fondation du patrimoine a d\u00e9voil\u00e9, dans un dossier de presse dat\u00e9 du 31 ao\u00fbt, les huit sites&hellip;\n","protected":false},"author":2,"featured_media":285816,"comment_status":"","ping_status":"","sticky":false,"template":"","format":"standard","meta":{"footnotes":"","_share_on_mastodon":"0"},"categories":[20],"tags":[193,192,23],"class_list":["post-285815","post","type-post","status-publish","format-standard","has-post-thumbnail","category-berne","tag-bern","tag-berne","tag-suisse"],"share_on_mastodon":{"url":"https:\/\/pubeurope.com\/@ch_fr\/117195068475123519","error":""},"_links":{"self":[{"href":"https:\/\/www.europesays.com\/ch-fr\/wp-json\/wp\/v2\/posts\/285815","targetHints":{"allow":["GET"]}}],"collection":[{"href":"https:\/\/www.europesays.com\/ch-fr\/wp-json\/wp\/v2\/posts"}],"about":[{"href":"https:\/\/www.europesays.com\/ch-fr\/wp-json\/wp\/v2\/types\/post"}],"author":[{"embeddable":true,"href":"https:\/\/www.europesays.com\/ch-fr\/wp-json\/wp\/v2\/users\/2"}],"replies":[{"embeddable":true,"href":"https:\/\/www.europesays.com\/ch-fr\/wp-json\/wp\/v2\/comments?post=285815"}],"version-history":[{"count":0,"href":"https:\/\/www.europesays.com\/ch-fr\/wp-json\/wp\/v2\/posts\/285815\/revisions"}],"wp:featuredmedia":[{"embeddable":true,"href":"https:\/\/www.europesays.com\/ch-fr\/wp-json\/wp\/v2\/media\/285816"}],"wp:attachment":[{"href":"https:\/\/www.europesays.com\/ch-fr\/wp-json\/wp\/v2\/media?parent=285815"}],"wp:term":[{"taxonomy":"category","embeddable":true,"href":"https:\/\/www.europesays.com\/ch-fr\/wp-json\/wp\/v2\/categories?post=285815"},{"taxonomy":"post_tag","embeddable":true,"href":"https:\/\/www.europesays.com\/ch-fr\/wp-json\/wp\/v2\/tags?post=285815"}],"curies":[{"name":"wp","href":"https:\/\/api.w.org\/{rel}","templated":true}]}}