{"id":285861,"date":"2026-09-01T10:01:15","date_gmt":"2026-09-01T10:01:15","guid":{"rendered":"https:\/\/www.europesays.com\/ch-fr\/285861\/"},"modified":"2026-09-01T10:01:15","modified_gmt":"2026-09-01T10:01:15","slug":"climat-pourquoi-il-pleut-de-plus-en-plus-fort-en-suisse","status":"publish","type":"post","link":"https:\/\/www.europesays.com\/ch-fr\/285861\/","title":{"rendered":"Climat : pourquoi il pleut de plus en plus fort en Suisse"},"content":{"rendered":"<p>Il pleut moins souvent, mais lorsque la pluie tombe, elle peut \u00eatre plus intense. C&rsquo;est l&rsquo;un des paradoxes du changement climatique et, en Suisse, ce ph\u00e9nom\u00e8ne n&rsquo;est pas qu&rsquo;une simple impression. Selon les sc\u00e9narios climatiques, cette tendance devrait se poursuivre dans les d\u00e9cennies \u00e0 venir.<\/p>\n<p>Les s\u00e9ries historiques des pluviom\u00e8tres permettent de retracer l&rsquo;\u00e9volution des pr\u00e9cipitations en Suisse. \u00ab\u00a0Depuis les ann\u00e9es 1980, lorsque des instruments capables d&rsquo;enregistrer la pluie avec une r\u00e9solution temporelle de dix minutes ont \u00e9t\u00e9 introduits, l&rsquo;intensit\u00e9 des fortes pr\u00e9cipitations sur une p\u00e9riode de dix minutes a augment\u00e9 d&rsquo;environ 20%\u00a0\u00bb, explique le m\u00e9t\u00e9orologue Luca Nisi.<\/p>\n<p>Sur une p\u00e9riode plus longue, les pr\u00e9cipitations journali\u00e8res intenses montrent une augmentation de leur fr\u00e9quence d&rsquo;environ 26% et de leur intensit\u00e9 d&rsquo;environ 12% au cours des 100 derni\u00e8res ann\u00e9es. Ce ph\u00e9nom\u00e8ne, qui accro\u00eet notre vuln\u00e9rabilit\u00e9 face aux \u00e9v\u00e9nements extr\u00eames, est directement li\u00e9 au r\u00e9chauffement climatique.<\/p>\n<p> <img decoding=\"async\" src=\"https:\/\/www.europesays.com\/ch-fr\/wp-content\/uploads\/2026\/09\/84d7ba2b-29343202.image.jpeg\" alt=\"Tendance des fortes pr\u00e9cipitations journali\u00e8res durant la p\u00e9riode 1901-2024 dans les stations de mesure suisses. [M\u00c9T\u00c9OSUISSE]\" title=\"Tendance des fortes pr\u00e9cipitations journali\u00e8res durant la p\u00e9riode 1901-2024 dans les stations de mesure suisses. [M\u00c9T\u00c9OSUISSE]\" loading=\"lazy\"\/>  Tendance des fortes pr\u00e9cipitations journali\u00e8res durant la p\u00e9riode 1901-2024 dans les stations de mesure suisses. [M\u00c9T\u00c9OSUISSE] Une atmosph\u00e8re plus chaude retient davantage d&rsquo;eau<\/p>\n<p>Pour comprendre comment les changements climatiques influencent l&rsquo;intensit\u00e9 des pr\u00e9cipitations, il faut se pencher sur la physique de l&rsquo;atmosph\u00e8re. \u00ab\u00a0Lorsque la temp\u00e9rature augmente d&rsquo;un degr\u00e9, l&rsquo;air peut contenir environ 7% de vapeur d&rsquo;eau en plus\u00a0\u00bb, explique Luca Nisi.<\/p>\n<p>Ce ph\u00e9nom\u00e8ne repose sur un principe de thermodynamique: \u00e0 mesure que la temp\u00e9rature augmente, la quantit\u00e9 de vapeur d&rsquo;eau issue de l&rsquo;\u00e9vaporation des sols ou des plans d&rsquo;eau qui s&rsquo;accumule dans l&rsquo;atmosph\u00e8re cro\u00eet \u00e9galement.<\/p>\n<p>Cela signifie que, lorsque les conditions n\u00e9cessaires \u00e0 la condensation et \u00e0 la formation des pr\u00e9cipitations sont r\u00e9unies, il y a potentiellement plus d&rsquo;eau disponible pour alimenter des pluies intenses.<\/p>\n<p>Contenu externe<\/p>\n<p> Ce contenu externe ne peut pas \u00eatre affich\u00e9 car il est susceptible de collecter des donn\u00e9es personnelles. Pour voir ce contenu vous devez autoriser la cat\u00e9gorie R\u00e9seaux sociaux. <\/p>\n<p> Accepter Plus d&rsquo;info <\/p>\n<p>    Des \u00e9t\u00e9s plus secs, des pr\u00e9cipitations plus intenses<\/p>\n<p>Les sc\u00e9narios climatiques <a href=\"https:\/\/www.meteosuisse.admin.ch\/climat\/changement-climatique\/fortes-precipitations-plus-frequentes-et-plus-intenses.html\" class=\"inline-link\" data-item-id=\"richtext_link\" data-rts-ece-id=\"f94bf37d-1729-3938-accf-a446e2e22c5f\" target=\"_blank\" rel=\"noopener nofollow\">Climat CH2025<\/a> pr\u00e9voient une autre \u00e9volution, encore plus marquante. Les pr\u00e9cipitations annuelles globales ne changeront pas de mani\u00e8re significative, mais leur r\u00e9partition saisonni\u00e8re sera modifi\u00e9e. Les \u00e9t\u00e9s seront en moyenne plus secs, tandis que les pr\u00e9cipitations hivernales augmenteront.<\/p>\n<p> <img decoding=\"async\" src=\"https:\/\/www.europesays.com\/ch-fr\/wp-content\/uploads\/2026\/09\/762e7c4b-29343177.image.jpeg\" alt=\"L'\u00e9volution des pr\u00e9cipitations en Suisse selon les sc\u00e9narios climatiques Climat CH2025. [M\u00c9T\u00c9OSUISSE]\" title=\"L'\u00e9volution des pr\u00e9cipitations en Suisse selon les sc\u00e9narios climatiques Climat CH2025. [M\u00c9T\u00c9OSUISSE]\" loading=\"lazy\"\/>  L&rsquo;\u00e9volution des pr\u00e9cipitations en Suisse selon les sc\u00e9narios climatiques Climat CH2025. [M\u00c9T\u00c9OSUISSE] <\/p>\n<p>L&rsquo;augmentation la plus marqu\u00e9e concernera les pr\u00e9cipitations de courte dur\u00e9e, typiquement associ\u00e9es aux orages. Dans un sc\u00e9nario o\u00f9 le r\u00e9chauffement global atteint trois degr\u00e9s, les pr\u00e9cipitations horaires pourraient augmenter de 10% \u00e0 30%, tandis que les pr\u00e9cipitations journali\u00e8res pourraient cro\u00eetre de 5% \u00e0 25%, selon les donn\u00e9es rapport\u00e9es par Luca Nisi.<\/p>\n<p>\u00ab\u00a0Cette augmentation est principalement li\u00e9e aux pr\u00e9cipitations orageuses\u00a0\u00bb, pr\u00e9cise le m\u00e9t\u00e9orologue. Cela repr\u00e9sente un enjeu important, notamment au sud des Alpes, o\u00f9 le risque d&rsquo;inondations est accru. On pense imm\u00e9diatement \u00e0 la crue d\u00e9vastatrice crue du Val Maggia en \u00e9t\u00e9 2024.<\/p>\n<p> <img decoding=\"async\" src=\"https:\/\/www.europesays.com\/ch-fr\/wp-content\/uploads\/2026\/09\/f0574644-29343314.image.jpeg\" alt=\"En \u00e9t\u00e9 2024, de violents orages et des pluies torrentielles avaient fait plusieurs morts et d\u00e9truits des dizaines de maisons dans le Val Maggia et ses vall\u00e9es lat\u00e9rales, au Tessin. [KEYSTONE - MICHAEL BUHOLZER]\" title=\"En \u00e9t\u00e9 2024, de violents orages et des pluies torrentielles avaient fait plusieurs morts et d\u00e9truits des dizaines de maisons dans le Val Maggia et ses vall\u00e9es lat\u00e9rales, au Tessin. [KEYSTONE - MICHAEL BUHOLZER]\" loading=\"lazy\"\/>  En \u00e9t\u00e9 2024, de violents orages et des pluies torrentielles avaient fait plusieurs morts et d\u00e9truits des dizaines de maisons dans le Val Maggia et ses vall\u00e9es lat\u00e9rales, au Tessin. [KEYSTONE &#8211; MICHAEL BUHOLZER] Des \u00e9v\u00e9nements extr\u00eames plus fr\u00e9quents<\/p>\n<p>\u00ab\u00a0Cela ne signifie pas que chaque \u00e9v\u00e9nement atteindra cette intensit\u00e9, mais les \u00e9pisodes extr\u00eames deviendront plus fr\u00e9quents qu&rsquo;auparavant\u00a0\u00bb, rel\u00e8ve Luca Nisi. Les r\u00e9gions alpines et le sud des Alpes ont toujours \u00e9t\u00e9 expos\u00e9s \u00e0 des pr\u00e9cipitations intenses, en raison de la pr\u00e9sence des montagnes et de la proximit\u00e9 de la M\u00e9diterran\u00e9e. Cependant, le r\u00e9chauffement climatique contribue \u00e0 rendre ces ph\u00e9nom\u00e8nes encore plus violents.<\/p>\n<p>Un \u00e9v\u00e9nement extr\u00eame de fortes pr\u00e9cipitations qui, entre 1991 et 2020, se produisait en moyenne une fois tous les 50 ans pourrait, dans un monde r\u00e9chauff\u00e9 de trois degr\u00e9s, survenir tous les 25 ans, selon les pr\u00e9visions climatiques. Un tel \u00e9v\u00e9nement serait \u00e9galement plus intense. \u00ab\u00a0Nous pr\u00e9voyons environ 11% de pluie en plus\u00a0\u00bb, indique Luca Nisi.<\/p>\n<p>Des inondations en \u00e9t\u00e9 comme en hiver<\/p>\n<p>La conjonction de pr\u00e9cipitations plus intenses et d&rsquo;\u00e9t\u00e9s plus secs peut en outre provoquer une accentuation du ph\u00e9nom\u00e8ne de ruissellement de surface. \u00ab\u00a0Concr\u00e8tement, ce ruissellement est la cause de nombreux d\u00e9g\u00e2ts\u00a0\u00bb, aggravant les crues, les coul\u00e9es de boue et les glissements de terrain, souligne le m\u00e9t\u00e9orologue.<\/p>\n<p>Les changements ne concernent pas uniquement la saison chaude. Avec l&rsquo;augmentation des temp\u00e9ratures, la limite des chutes de neige continuera de s&rsquo;\u00e9lever, et une part croissante des pr\u00e9cipitations tombera sous forme de pluie \u00e0 basse altitude. \u00ab\u00a0Par rapport au pass\u00e9, les inondations pourraient donc s&rsquo;\u00e9tendre \u00e0 d&rsquo;autres p\u00e9riodes de l&rsquo;ann\u00e9e\u00a0\u00bb, affirme Luca Nisi.<\/p>\n<p>Un d\u00e9fi pour l&rsquo;avenir des infrastructures<\/p>\n<p>Ces bouleversements repr\u00e9sentent un d\u00e9fi en mati\u00e8re d&rsquo;am\u00e9nagement du territoire et d&rsquo;infrastructures. Les normes de construction des routes, des ponts, des digues ou encore des syst\u00e8mes de drainage sont fond\u00e9es sur des donn\u00e9es historiques. Pour \u00e9viter les probl\u00e8mes \u00e0 l&rsquo;avenir, il est crucial de mettre \u00e0 niveau les infrastructures existantes et d&rsquo;adapter les normes, conclut Lucas Nisi.<\/p>\n<p class=\"sources\">Matteo Martelli, RSI<\/p>\n<p class=\"credit\">Adaptation pour RTSinfo: Didier Kottelat<\/p>\n","protected":false},"excerpt":{"rendered":"Il pleut moins souvent, mais lorsque la pluie tombe, elle peut \u00eatre plus intense. C&rsquo;est l&rsquo;un des paradoxes&hellip;\n","protected":false},"author":2,"featured_media":285862,"comment_status":"","ping_status":"","sticky":false,"template":"","format":"standard","meta":{"footnotes":"","_share_on_mastodon":"0"},"categories":[3],"tags":[1302,1772,2889,1320,221,1835,1501,1323,649,355,2320,721,419,668,42926,392,2564,3721,23,6122,1644],"class_list":["post-285861","post","type-post","status-publish","format-standard","has-post-thumbnail","category-suisse","tag-atmosphere","tag-augmentation","tag-catastrophe-naturelle","tag-changement-climatique","tag-climat","tag-desastres","tag-desastres-et-accidents","tag-dialogue","tag-eau","tag-environnement","tag-evenement","tag-infrastructure","tag-inondation","tag-meteo","tag-orage","tag-phenomene","tag-pluie","tag-rechauffement-climatique","tag-suisse","tag-temperature","tag-violence"],"share_on_mastodon":{"url":"https:\/\/pubeurope.com\/@ch_fr\/117195210116763208","error":""},"_links":{"self":[{"href":"https:\/\/www.europesays.com\/ch-fr\/wp-json\/wp\/v2\/posts\/285861","targetHints":{"allow":["GET"]}}],"collection":[{"href":"https:\/\/www.europesays.com\/ch-fr\/wp-json\/wp\/v2\/posts"}],"about":[{"href":"https:\/\/www.europesays.com\/ch-fr\/wp-json\/wp\/v2\/types\/post"}],"author":[{"embeddable":true,"href":"https:\/\/www.europesays.com\/ch-fr\/wp-json\/wp\/v2\/users\/2"}],"replies":[{"embeddable":true,"href":"https:\/\/www.europesays.com\/ch-fr\/wp-json\/wp\/v2\/comments?post=285861"}],"version-history":[{"count":0,"href":"https:\/\/www.europesays.com\/ch-fr\/wp-json\/wp\/v2\/posts\/285861\/revisions"}],"wp:featuredmedia":[{"embeddable":true,"href":"https:\/\/www.europesays.com\/ch-fr\/wp-json\/wp\/v2\/media\/285862"}],"wp:attachment":[{"href":"https:\/\/www.europesays.com\/ch-fr\/wp-json\/wp\/v2\/media?parent=285861"}],"wp:term":[{"taxonomy":"category","embeddable":true,"href":"https:\/\/www.europesays.com\/ch-fr\/wp-json\/wp\/v2\/categories?post=285861"},{"taxonomy":"post_tag","embeddable":true,"href":"https:\/\/www.europesays.com\/ch-fr\/wp-json\/wp\/v2\/tags?post=285861"}],"curies":[{"name":"wp","href":"https:\/\/api.w.org\/{rel}","templated":true}]}}