{"id":285865,"date":"2026-09-01T10:03:12","date_gmt":"2026-09-01T10:03:12","guid":{"rendered":"https:\/\/www.europesays.com\/ch-fr\/285865\/"},"modified":"2026-09-01T10:03:12","modified_gmt":"2026-09-01T10:03:12","slug":"stephane-bern-a-gratte-un-ticket-de-loto-du-patrimoine-en-eure-et-loir-lundi","status":"publish","type":"post","link":"https:\/\/www.europesays.com\/ch-fr\/285865\/","title":{"rendered":"St\u00e9phane Bern a gratt\u00e9 un ticket de loto du patrimoine en Eure-et-Loir lundi"},"content":{"rendered":"\n<p style=\"margin-bottom: 0cm;\">Le pr\u00e9sentateur et fan d\u2019histoire a lanc\u00e9 la nouvelle \u00e9dition qui permet de restaurer le patrimoine fran\u00e7ais en grattant un ticket. En Eure-et-Loir c\u2019est le ch\u00e2teau de la Rivi\u00e8re de Pontgouin qui a \u00e9t\u00e9 choisi cette ann\u00e9e. Selon St\u00e9phane Bern, la Fondation du patrimoine a permis de lever au total 380 millions d\u2019euros pour le patrimoine fran\u00e7ais.\u00a0<\/p>\n<p style=\"margin-bottom: 0cm;\">\u00a0<\/p>\n<p style=\"margin-bottom: 0cm;\">\u00a0<\/p>\n<p lang=\"fr-FR\" style=\"margin-bottom: 0cm;\">Benjamin Foucault &#8211; Nicolas Chacun<\/p>\n<p>!function(f,b,e,v,n,t,s){if(f.fbq)return;n=f.fbq=function(){n.callMethod?<br \/>\nn.callMethod.apply(n,arguments):n.queue.push(arguments)};if(!f._fbq)f._fbq=n;<br \/>\nn.push=n;n.loaded=!0;n.version=&rsquo;2.0&prime;;n.queue=[];t=b.createElement(e);t.async=!0;<br \/>\nt.src=v;s=b.getElementsByTagName(e)[0];s.parentNode.insertBefore(t,s)}(window,<br \/>\ndocument,&rsquo;script&rsquo;,&rsquo;https:\/\/connect.facebook.net\/en_US\/fbevents.js&rsquo;);<br \/>\nfbq(&lsquo;init&rsquo;, &lsquo;278974969201861&rsquo;); \/\/ Insert your pixel ID here.<br \/>\nfbq(&lsquo;track&rsquo;, &lsquo;PageView&rsquo;);<\/p>\n","protected":false},"excerpt":{"rendered":"Le pr\u00e9sentateur et fan d\u2019histoire a lanc\u00e9 la nouvelle \u00e9dition qui permet de restaurer le patrimoine fran\u00e7ais en&hellip;\n","protected":false},"author":2,"featured_media":285866,"comment_status":"","ping_status":"","sticky":false,"template":"","format":"standard","meta":{"footnotes":"","_share_on_mastodon":"0"},"categories":[20],"tags":[1053,193,192,1056,1059,1054,1060,1055,1057,1061,23,1058],"class_list":["post-285865","post","type-post","status-publish","format-standard","has-post-thumbnail","category-berne","tag-actualites-locales","tag-bern","tag-berne","tag-essonne","tag-eure-et-loir","tag-infos-locales","tag-oise","tag-pres-de-chez-vous","tag-seine-et-marne","tag-somme","tag-suisse","tag-yvelines"],"share_on_mastodon":{"url":"https:\/\/pubeurope.com\/@ch_fr\/117195217897083300","error":""},"_links":{"self":[{"href":"https:\/\/www.europesays.com\/ch-fr\/wp-json\/wp\/v2\/posts\/285865","targetHints":{"allow":["GET"]}}],"collection":[{"href":"https:\/\/www.europesays.com\/ch-fr\/wp-json\/wp\/v2\/posts"}],"about":[{"href":"https:\/\/www.europesays.com\/ch-fr\/wp-json\/wp\/v2\/types\/post"}],"author":[{"embeddable":true,"href":"https:\/\/www.europesays.com\/ch-fr\/wp-json\/wp\/v2\/users\/2"}],"replies":[{"embeddable":true,"href":"https:\/\/www.europesays.com\/ch-fr\/wp-json\/wp\/v2\/comments?post=285865"}],"version-history":[{"count":0,"href":"https:\/\/www.europesays.com\/ch-fr\/wp-json\/wp\/v2\/posts\/285865\/revisions"}],"wp:featuredmedia":[{"embeddable":true,"href":"https:\/\/www.europesays.com\/ch-fr\/wp-json\/wp\/v2\/media\/285866"}],"wp:attachment":[{"href":"https:\/\/www.europesays.com\/ch-fr\/wp-json\/wp\/v2\/media?parent=285865"}],"wp:term":[{"taxonomy":"category","embeddable":true,"href":"https:\/\/www.europesays.com\/ch-fr\/wp-json\/wp\/v2\/categories?post=285865"},{"taxonomy":"post_tag","embeddable":true,"href":"https:\/\/www.europesays.com\/ch-fr\/wp-json\/wp\/v2\/tags?post=285865"}],"curies":[{"name":"wp","href":"https:\/\/api.w.org\/{rel}","templated":true}]}}