{"id":285917,"date":"2026-09-01T10:43:12","date_gmt":"2026-09-01T10:43:12","guid":{"rendered":"https:\/\/www.europesays.com\/ch-fr\/285917\/"},"modified":"2026-09-01T10:43:12","modified_gmt":"2026-09-01T10:43:12","slug":"swiss-comment-un-chasseur-de-minutes-evite-les-retards-a-zurich","status":"publish","type":"post","link":"https:\/\/www.europesays.com\/ch-fr\/285917\/","title":{"rendered":"Swiss: comment un chasseur de minutes \u00e9vite les retards \u00e0 Zurich"},"content":{"rendered":"\n<p> Abo       \u2013   <\/p>\n<p> Ces \u00abchasseurs de minutes\u00bb qui font d\u00e9coller les avions \u00e0 l\u2019heure <\/p>\n<p class=\"lead regular externalicon-big astro-odojtzmo\"> Michael Schweizer est l\u2019un des onze turnaround managers de Swiss. Son r\u00f4le est d\u2019anticiper les retards avant qu\u2019ils ne surviennent, en coordonnant une vingtaine d\u2019agents sur le tarmac.  <\/p>\n<p>   <img loading=\"lazy\" decoding=\"async\" src=\"https:\/\/www.europesays.com\/ch-fr\/wp-content\/uploads\/2026\/09\/F7jHT5EQ4Q-AxqYJN0gs_s.jpg\"  width=\"100\" height=\"100\"  alt=\"Florian Schaer\" class=\"AuthorImage -content-head authorimage astro-ivm7rlur astro-uymtm5hg\" style=\"background-color:#868686\"\/>         Publi\u00e9 aujourd\u2019hui \u00e0 12h16                            LinkedIn Lien copi\u00e9 Error occurred        Facebook Lien copi\u00e9 Error occurred        X Lien copi\u00e9 Error occurred           E-mail Lien copi\u00e9 Error occurred        Copier le lien Lien copi\u00e9 Error occurred              <\/p>\n","protected":false},"excerpt":{"rendered":"Abo \u2013 Ces \u00abchasseurs de minutes\u00bb qui font d\u00e9coller les avions \u00e0 l\u2019heure Michael Schweizer est l\u2019un des&hellip;\n","protected":false},"author":2,"featured_media":285918,"comment_status":"","ping_status":"","sticky":false,"template":"","format":"standard","meta":{"footnotes":"","_share_on_mastodon":"0"},"categories":[16],"tags":[11335,37,751,23,32],"class_list":["post-285917","post","type-post","status-publish","format-standard","has-post-thumbnail","category-zurich","tag-depth","tag-stats-seo","tag-stats-traduction","tag-suisse","tag-zurich"],"share_on_mastodon":{"url":"https:\/\/pubeurope.com\/@ch_fr\/117195375565962182","error":""},"_links":{"self":[{"href":"https:\/\/www.europesays.com\/ch-fr\/wp-json\/wp\/v2\/posts\/285917","targetHints":{"allow":["GET"]}}],"collection":[{"href":"https:\/\/www.europesays.com\/ch-fr\/wp-json\/wp\/v2\/posts"}],"about":[{"href":"https:\/\/www.europesays.com\/ch-fr\/wp-json\/wp\/v2\/types\/post"}],"author":[{"embeddable":true,"href":"https:\/\/www.europesays.com\/ch-fr\/wp-json\/wp\/v2\/users\/2"}],"replies":[{"embeddable":true,"href":"https:\/\/www.europesays.com\/ch-fr\/wp-json\/wp\/v2\/comments?post=285917"}],"version-history":[{"count":0,"href":"https:\/\/www.europesays.com\/ch-fr\/wp-json\/wp\/v2\/posts\/285917\/revisions"}],"wp:featuredmedia":[{"embeddable":true,"href":"https:\/\/www.europesays.com\/ch-fr\/wp-json\/wp\/v2\/media\/285918"}],"wp:attachment":[{"href":"https:\/\/www.europesays.com\/ch-fr\/wp-json\/wp\/v2\/media?parent=285917"}],"wp:term":[{"taxonomy":"category","embeddable":true,"href":"https:\/\/www.europesays.com\/ch-fr\/wp-json\/wp\/v2\/categories?post=285917"},{"taxonomy":"post_tag","embeddable":true,"href":"https:\/\/www.europesays.com\/ch-fr\/wp-json\/wp\/v2\/tags?post=285917"}],"curies":[{"name":"wp","href":"https:\/\/api.w.org\/{rel}","templated":true}]}}