{"id":286015,"date":"2026-09-01T12:00:08","date_gmt":"2026-09-01T12:00:08","guid":{"rendered":"https:\/\/www.europesays.com\/ch-fr\/286015\/"},"modified":"2026-09-01T12:00:08","modified_gmt":"2026-09-01T12:00:08","slug":"the-gentlemen-fauda-la-cible-les-series-a-ne-pas-manquer-en-septembre-a-la-tele-et-sur-les-plateformes","status":"publish","type":"post","link":"https:\/\/www.europesays.com\/ch-fr\/286015\/","title":{"rendered":"\u00ab\u00a0The Gentlemen\u00a0\u00bb, \u00ab\u00a0Fauda\u00a0\u00bb, \u00ab\u00a0La cible\u00a0\u00bb\u2026 Les s\u00e9ries \u00e0 ne pas manquer en septembre \u00e0 la t\u00e9l\u00e9 et sur les plateformes"},"content":{"rendered":"<p data-ofstats-scroll=\"read_depth_0\">Apr\u00e8s un mois d\u2019ao\u00fbt d\u00e9j\u00e0 riche en nouveaut\u00e9s, septembre ne sera pas en reste avec plusieurs s\u00e9ries tr\u00e8s attendues. Les amateurs d\u2019action pourront notamment compter sur les nouvelles saisons de The Gentlemen, Fauda, MobLand ou encore Slow Horses. Mais le mois sera aussi marqu\u00e9 par plusieurs nouveaut\u00e9s, dont Neagley, le spin-off de Reacher, et American hostage, port\u00e9 par Jon Hamm.<\/p>\n<p>        \u00ab\u00a0LEGO Star Wars\u00a0: The Mandalorian\u00a0\u00bb, d\u00e8s le 2\u00a0septembre sur Disney+<\/p>\n<p data-ofstats-scroll=\"read_depth_0\"><a href=\"https:\/\/www.ouest-france.fr\/cinema\/star-wars\/the-mandalorian-and-grogu-comme-un-hommage-a-la-saga-star-wars-e4c2fc2c-4a1a-11f1-8d87-12b6ad9d9d1b\" target=\"_self\" rel=\"nofollow noopener\">Le Mandalorien et Grogu<\/a> s\u2019offrent une nouvelle aventure, cette fois dans l\u2019univers d\u00e9jant\u00e9 de LEGO. Alors qu\u2019une grande f\u00eate est organis\u00e9e pour c\u00e9l\u00e9brer leurs exploits, leurs alli\u00e9s se r\u00e9unissent pour revenir sur leurs aventures devant un public venu en nombre. Mais les festivit\u00e9s tournent rapidement court lorsqu\u2019une attaque de pirates vient semer le chaos. Une nouvelle mission commence alors pour l\u2019improbable duo.<\/p>\n<p>        \u00ab\u00a0The Gentlemen\u00a0\u00bb, saison 2, d\u00e8s le 3\u00a0septembre sur Netflix<\/p>\n<p data-ofstats-scroll=\"read_depth_10\">Eddie Horniman\u00a0(Theo James) n\u2019a visiblement pas l\u2019intention de se contenter de ce qu\u2019il poss\u00e8de d\u00e9j\u00e0. Apr\u00e8s avoir pris les commandes d\u2019un empire aussi lucratif que dangereux, il veut passer \u00e0 la vitesse sup\u00e9rieure. Mais dans cet univers o\u00f9 les alliances sont toujours fragiles, d\u00e9velopper ses affaires sans se mettre \u00e0 dos les mauvaises personnes rel\u00e8ve du num\u00e9ro d\u2019\u00e9quilibriste. De son c\u00f4t\u00e9, Susie Glass\u00a0(Kaya Scodelario) cherche aussi \u00e0 faire \u00e9voluer ses activit\u00e9s. Entre ambitions personnelles, trafics et jeux de pouvoir, Eddie et Susie vont devoir avancer avec prudence.<\/p>\n<p>        \u00ab\u00a0Le myst\u00e8re de la chambre jaune\u00a0\u00bb, d\u00e8s le 3\u00a0septembre sur TF1<\/p>\n<p data-ofstats-scroll=\"read_depth_20\">Jos\u00e9phine (Claire Romain), une jeune journaliste, retourne dans son village natal de l\u2019Artuby, au c\u0153ur des Gorges du Verdon, apr\u00e8s avoir appris que l\u2019une de ses amies d\u2019enfance a \u00e9t\u00e9 victime d\u2019une tentative de meurtre. Mathilde (Barbara Schulz) est plong\u00e9e dans le coma et les circonstances de l\u2019agression semblent d\u00e9fier toute logique. Enferm\u00e9e dans une chambre dont la porte blind\u00e9e \u00e9tait close, elle se trouvait seule lorsque les habitants sont intervenus. Aucun passage ne semble permettre \u00e0 l\u2019agresseur de s\u2019enfuir. Intrigu\u00e9e, Jo d\u00e9cide de mener ses propres recherches avec Sainclair (Pierre-Yves Bon), un podcasteur \u00e0 l\u2019aff\u00fbt d\u2019une bonne histoire. Mais leur enqu\u00eate parall\u00e8le ne pla\u00eet gu\u00e8re au policier marseillais Larsan (Benjamin Baroche), charg\u00e9 de r\u00e9soudre cette \u00e9trange affaire. Entre secrets de village et \u00e9nigme en apparence impossible, les deux journalistes vont tenter de comprendre ce qui s\u2019est r\u00e9ellement pass\u00e9 derri\u00e8re la porte de la myst\u00e9rieuse chambre jaune.<\/p>\n<p>Lire aussi\u00a0: <a href=\"https:\/\/programmetv.ouest-france.fr\/serie\/outer-banks-le-rouge-et-le-noir-les-series-a-ne-pas-rater-en-aout-a-la-tele-et-sur-les-plateformes-137fa64a-8cd9-11f1-91ed-1c452045cb8b\" target=\"_self\" rel=\"nofollow noopener\">\u00ab\u00a0Outer Banks\u00a0\u00bb, \u00ab\u00a0Le Rouge et le noir\u00a0\u00bb\u2026 Les s\u00e9ries \u00e0 ne pas rater en ao\u00fbt, \u00e0 la t\u00e9l\u00e9 et sur les plateformes<\/a><\/p>\n<p>        \u00ab\u00a0Chad Powers\u00a0\u00bb, saison 2, d\u00e8s le 3\u00a0septembre sur Disney+<\/p>\n<p data-ofstats-scroll=\"read_depth_20\">Glen Powell ressort la perruque <a href=\"https:\/\/programmetv.ouest-france.fr\/serie\/humoristique\/chad-powers-m371361328\/\" target=\"_self\" rel=\"nofollow noopener\">de Chad Powers<\/a>. Son mensonge commence \u00e0 devenir de plus en plus difficile \u00e0 cacher. Alors que le jeune homme s\u2019est construit une nouvelle identit\u00e9 pour relancer sa carri\u00e8re sportive, certains commencent \u00e0 remarquer que quelque chose ne colle pas. Avec la pression qui monte autour de lui, Chad va devoir continuer \u00e0 jouer son r\u00f4le \u00e0 la perfection s\u2019il veut \u00e9viter que toute son histoire s\u2019\u00e9croule.<\/p>\n<p>        \u00ab\u00a0La cible\u00a0\u00bb, d\u00e8s le 7\u00a0septembre sur TF1<\/p>\n<p data-ofstats-scroll=\"read_depth_30\">Hugo\u00a0(Tomer Sisley), garde du corps, traverse une p\u00e9riode difficile depuis son divorce. Alors qu\u2019il reste tr\u00e8s attach\u00e9 \u00e0 son ex-femme, L\u00e9a\u00a0(Fauve Hautot), il vient simplement passer l\u2019anniversaire de son fils en famille. Mais la journ\u00e9e tourne au cauchemar lorsque son ex-femme et leurs deux enfants sont enlev\u00e9s. Tr\u00e8s vite, les soup\u00e7ons se portent sur lui et la police le consid\u00e8re comme impliqu\u00e9 dans leur disparition. Contraint de prendre la fuite, Hugo va tout faire pour retrouver les siens tout en \u00e9chappant aux forces de l\u2019ordre. Au fil de sa course contre la montre, il d\u00e9couvrira surtout que sa femme lui cachait certains secrets.<\/p>\n<p data-ofstats-scroll=\"read_depth_30\">Lire aussi :\u00a0<a href=\"https:\/\/programmetv.ouest-france.fr\/plateformes\/netflix\/gign-film-le-plus-regarde-sur-netflix-en-ce-moment-la-serie-avec-tomer-sisley-aura-t-elle-une-saison-2-28276f5a-8b54-11f1-ae39-071763a6d211\" target=\"_self\" rel=\"nofollow noopener\">\u00ab GIGN \u00bb : film le plus regard\u00e9 sur Netflix en ce moment, la s\u00e9rie avec Tomer Sisley aura-t-elle une saison 2 ?<\/a><\/p>\n<p>        \u00ab\u00a0La derni\u00e8re heure\u00a0\u00bb, d\u00e8s le 7\u00a0septembre sur arte.tv<\/p>\n<p data-ofstats-scroll=\"read_depth_30\">Billie pensait avoir enfin l\u2019occasion de d\u00e9couvrir le pays de ses origines. Mais son s\u00e9jour prend une tout autre tournure lorsqu\u2019une insurrection \u00e9clate et l\u2019oblige \u00e0 rester confin\u00e9e avec son p\u00e8re chez son grand-p\u00e8re. Ce dernier, affaibli par la maladie d\u2019Alzheimer, semble pourtant d\u00e9tenir des r\u00e9ponses sur une histoire familiale que Billie ne conna\u00eet pas. Avant l\u2019arriv\u00e9e de l\u2019ambassade, elle n\u2019a qu\u2019une heure pour tenter de comprendre ce qui se joue autour d\u2019elle. R\u00e9alis\u00e9e par Joseph Safieddine et adapt\u00e9e de sa bande dessin\u00e9e Les Fusibles, cette mini-s\u00e9rie en six \u00e9pisodes de dix minutes r\u00e9unit notamment Sawsan Ab\u00e8s et Hiam Abbass.<\/p>\n<p>        \u00ab\u00a0Fauda\u00a0\u00bb, saison 5, d\u00e8s le 8\u00a0septembre sur Netflix<\/p>\n<p data-ofstats-scroll=\"read_depth_40\">Doron est de retour, mais cette nouvelle mission risque de le pousser encore un peu plus dans ses retranchements. Alors qu\u2019il tente de composer avec ses propres d\u00e9mons, une vieille connaissance revient dans sa vie avec une terrible envie de vengeance. Cette situation l\u2019entra\u00eene dans une op\u00e9ration particuli\u00e8rement risqu\u00e9e qui va le conduire jusqu\u2019\u00e0 Marseille. Comme toujours avec Fauda, l\u2019infiltration ne devrait pas se d\u00e9rouler exactement comme pr\u00e9vu et Doron va rapidement se retrouver face \u00e0 des ennemis d\u00e9termin\u00e9s.<\/p>\n<p>        \u00ab\u00a0Apollo Has Fallen\u00a0\u00bb, d\u00e8s le 14\u00a0septembre sur Canal+<\/p>\n<p data-ofstats-scroll=\"read_depth_40\">Zara Taylor\u00a0(Ritu Arya), des services secrets britanniques, et Vincent Taleb\u00a0(Tewfik Jallab), ancien agent charg\u00e9 de la protection du ministre de la D\u00e9fense, sont de nouveau r\u00e9unis lorsqu\u2019un avion est d\u00e9tourn\u00e9. Tr\u00e8s vite, ils comprennent que cet \u00e9v\u00e9nement n\u2019est pas un simple acte isol\u00e9. Une conspiration beaucoup plus vaste se dessine et menace plusieurs pays, de Londres \u00e0 Madrid en passant par la Libye. \u00c0 sa t\u00eate, le mercenaire russe Yuri Mishkin entend profiter du chaos pour mettre son plan \u00e0 ex\u00e9cution. Zara et Vincent vont devoir agir rapidement pour tenter de l\u2019arr\u00eater.<\/p>\n<p>        \u00ab\u00a0Camarades\u00a0\u00bb, d\u00e8s le 16\u00a0septembre sur arte.tv<\/p>\n<p data-ofstats-scroll=\"read_depth_50\">Mai 68\u00a0sert de point de d\u00e9part \u00e0 cette com\u00e9die d\u2019archives consacr\u00e9e \u00e0 une exp\u00e9rience universitaire assez incroyable\u00a0: la cr\u00e9ation de l\u2019universit\u00e9 de Vincennes. Alors que la contestation \u00e9tudiante secoue le pays et que le pouvoir cherche une mani\u00e8re de calmer la r\u00e9volte, l\u2019\u00c9tat d\u00e9cide de cr\u00e9er un \u00e9tablissement exp\u00e9rimental loin du centre de Paris. Mais l\u2019exp\u00e9rience va rapidement d\u00e9passer ce que ses cr\u00e9ateurs avaient imagin\u00e9. La s\u00e9rie revient avec humour sur cette universit\u00e9 devenue un lieu embl\u00e9matique de la libert\u00e9 acad\u00e9mique et des bouleversements de l\u2019\u00e9poque.<\/p>\n<p>Lire aussi\u00a0:<a href=\"https:\/\/programmetv.ouest-france.fr\/plateformes\/apple-tv-plus\/ted-lasso-la-4e-saison-effectue-un-demarrage-record-sur-apple-tv-6944b486-9a43-11f1-8c29-31ba9300fba3\" target=\"_self\" rel=\"nofollow noopener\"> \u00ab\u00a0Ted Lasso\u00a0\u00bb\u00a0: la 4e saison effectue un d\u00e9marrage record sur Apple TV<\/a><\/p>\n<p>        \u00ab\u00a0Slow Horses\u00a0\u00bb, saison 6, d\u00e8s le 16\u00a0septembre sur Apple TV<\/p>\n<p data-ofstats-scroll=\"read_depth_50\">Jackson Lamb\u00a0(Gary Oldman) et ses agents mis \u00e0 l\u2019\u00e9cart du MI5\u00a0n\u2019ont d\u00e9cid\u00e9ment pas droit \u00e0 la tranquillit\u00e9. Cette fois, ce sont directement les membres de son \u00e9quipe qui se retrouvent dans le viseur d\u2019une menace particuli\u00e8rement dangereuse. Alors que plusieurs d\u2019entre eux sont pris pour cible, les \u00ab\u00a0Slow Horses\u00a0\u00bb vont devoir comprendre qui les traque et surtout ce que leurs ennemis cherchent \u00e0 obtenir. Avec Jackson Lamb aux commandes, la m\u00e9thode sera \u00e9videmment loin d\u2019\u00eatre conventionnelle.<\/p>\n<p>        \u00ab\u00a0Neagley\u00a0\u00bb, d\u00e8s le 16\u00a0septembre sur Prime Video<\/p>\n<p data-ofstats-scroll=\"read_depth_60\">Les fans de Reacher connaissent d\u00e9j\u00e0 Frances Neagley, mais l\u2019ancienne militaire prend cette fois les devants de la sc\u00e8ne. Apr\u00e8s avoir servi aux c\u00f4t\u00e9s de Jack Reacher au sein de la 110e unit\u00e9 des enqu\u00eates sp\u00e9ciales, elle s\u2019est reconvertie en d\u00e9tective priv\u00e9e \u00e0 Chicago. Une nouvelle affaire va cependant la ramener vers son pass\u00e9 et ses anciennes m\u00e9thodes. Interpr\u00e9t\u00e9e par Maria Sten, Neagley doit d\u00e9sormais r\u00e9soudre ses propres enqu\u00eates, tout en prouvant qu\u2019elle n\u2019a rien perdu de son efficacit\u00e9.<\/p>\n<p>        \u00ab\u00a0Surveillant\u00a0!\u00a0\u00bb, d\u00e8s le 16\u00a0septembre sur Disney+<\/p>\n<p data-ofstats-scroll=\"read_depth_60\">Faire r\u00e9gner l\u2019ordre dans une prison n\u2019est d\u00e9j\u00e0 pas une mince affaire. Alors quand les surveillants sont incarn\u00e9s par Benjamin Trani\u00e9 et <a href=\"https:\/\/www.ouest-france.fr\/cinema\/le-reve-americain-une-success-story-a-la-francaise-fad61bc2-0c8d-11f1-a992-d10c268d755d\" target=\"_self\" rel=\"nofollow noopener\">Jean-Pascal Zadi<\/a>, les choses risquent rapidement de partir dans tous les sens. Sous les ordres de Corinne Maillard (Audrey Lamy), les deux hommes tentent de g\u00e9rer le quotidien du centre de d\u00e9tention de Chenoise. Entre d\u00e9tenus impr\u00e9visibles, situations absurdes et maladresses en s\u00e9rie, cette com\u00e9die carc\u00e9rale sign\u00e9e John Wax (Les Ka\u00efra, Coexister, Tout simplement noir) entend surtout ne pas se prendre au s\u00e9rieux.<\/p>\n<p>        \u00ab\u00a0Monstre\u00a0: l\u2019histoire de Lizzie Borden\u00a0\u00bb, d\u00e8s le 17\u00a0septembre sur Netflix<\/p>\n<p data-ofstats-scroll=\"read_depth_70\">Apr\u00e8s Ed Gein, la s\u00e9rie Monstre s\u2019int\u00e9resse \u00e0 une autre affaire criminelle qui a marqu\u00e9 les \u00c9tats-Unis. En 1892, <a href=\"https:\/\/programmetv.ouest-france.fr\/plateformes\/netflix\/monstre-apres-ed-gein-voila-ce-que-lon-sait-de-la-saison-4-consacree-a-lizzie-borden-e7292a82-a433-11f0-a483-88b21a3890bd\" target=\"_self\" rel=\"nofollow noopener\">Lizzie Borden<\/a> est accus\u00e9e d\u2019avoir assassin\u00e9 son p\u00e8re et sa belle-m\u00e8re dans leur maison du Massachusetts. L\u2019affaire va rapidement passionner le pays et faire de la jeune femme une figure particuli\u00e8rement controvers\u00e9e. Cette nouvelle saison revient sur les \u00e9v\u00e9nements qui ont conduit au drame, mais aussi sur le proc\u00e8s et les nombreuses interrogations qui entourent encore cette histoire.<\/p>\n<p>Lire aussi\u00a0: <a href=\"https:\/\/www.ouest-france.fr\/cinema\/dix-pour-cent-le-film-les-retrouvailles-des-heros-de-la-serie-ont-du-peps-48412e64-a370-11f1-8465-547a0964275c\" target=\"_self\" rel=\"nofollow noopener\">\u00ab\u00a0Dix pour cent, le film\u00a0\u00bb\u00a0: les retrouvailles des h\u00e9ros de la s\u00e9rie ont du peps<\/a><\/p>\n<p>        \u00ab\u00a0MobLand\u00a0\u00bb, saison 2, d\u00e8s le 18\u00a0septembre sur Paramount +<\/p>\n<p data-ofstats-scroll=\"read_depth_70\">Chez les Harrigan, les apparences de famille soud\u00e9e commencent s\u00e9rieusement \u00e0 se fissurer. Alors que de puissants rivaux cherchent \u00e0 r\u00e9cup\u00e9rer une partie de leur empire criminel, chacun doit d\u00e9sormais choisir son camp. Harry Da Souza\u00a0(Tom Hardy), leur homme de confiance, se retrouve une nouvelle fois en premi\u00e8re ligne pour d\u00e9fendre les int\u00e9r\u00eats du clan. Mais entre les menaces venues de l\u2019ext\u00e9rieur et les tensions qui grandissent au sein m\u00eame de la famille, il pourrait rapidement avoir du mal \u00e0 garder le contr\u00f4le.<\/p>\n<p>        \u00ab\u00a0Outlander\u00a0: blood of my blood\u00a0\u00bb, saison 2, d\u00e8s le 19\u00a0septembre sur HBO Max<\/p>\n<p data-ofstats-scroll=\"read_depth_80\">Le voyage dans le temps continue de jouer de mauvais tours \u00e0 <a href=\"https:\/\/programmetv.ouest-france.fr\/serie\/blood-of-my-blood-sur-hbo-max-retour-aux-sources-pour-le-prequel-d-outlander-ac078bcc-72c6-11f0-8a41-8cab56b0e4bf\" target=\"_self\" rel=\"nofollow noopener\">Henry\u00a0(Jeremy Irvine) et Julia Beauchamp<\/a>\u00a0(Hermione Corfield). Apr\u00e8s avoir \u00e9t\u00e9 s\u00e9par\u00e9s, les deux personnages se retrouvent dans les Highlands \u00e9cossais du XVIIIe\u00a0si\u00e8cle, bien loin de leur \u00e9poque et de leur fille Claire. Leur priorit\u00e9 est d\u00e9sormais de se retrouver et de trouver un moyen de rentrer chez eux. Mais dans une \u00c9cosse aussi sauvage que dangereuse, chaque \u00e9tape de leur p\u00e9riple pourrait compliquer un peu plus leur retour.<\/p>\n<p data-ofstats-scroll=\"read_depth_80\">Lire aussi :  <a href=\"https:\/\/programmetv.ouest-france.fr\/serie\/six-series-historiques-et-romantiques-a-regarder-si-vous-avez-aime-outlander-35c51988-46d0-11f0-bc2b-268166a33be9\" target=\"_self\" rel=\"nofollow noopener\">Six s\u00e9ries historiques et romantiques \u00e0 regarder si vous avez aim\u00e9 \u00ab Outlander \u00bb<\/a><\/p>\n<p>        \u00ab\u00a0American hostage\u00a0\u00bb, d\u00e8s le 21\u00a0septembre sur HBO Max<\/p>\n<p data-ofstats-scroll=\"read_depth_80\">Dans les ann\u00e9es 1970, Fred Heckman\u00a0(Jon Hamm) est une figure incontournable de la radio \u00e0 Indianapolis. Sa vie bascule lorsqu\u2019un homme arm\u00e9, Tony Kiritsis, prend des otages et formule une exigence pour le moins inhabituelle\u00a0: il veut \u00eatre interview\u00e9 par le c\u00e9l\u00e8bre journaliste. Fred se retrouve alors malgr\u00e9 lui au centre d\u2019une crise qui d\u00e9passe largement le cadre de son \u00e9mission. Inspir\u00e9 d\u2019une histoire vraie et de la premi\u00e8re saison du podcast dont il est adapt\u00e9, ce thriller psychologique est sign\u00e9 Shawn Ryan, le cr\u00e9ateur de The Shield.<\/p>\n<p>        \u00ab\u00a0Brothers\u00a0\u00bb, d\u00e8s le 23\u00a0septembre sur Apple TV +<\/p>\n<p data-ofstats-scroll=\"read_depth_90\">Woody Harrelson et Matthew McConaughey se retrouvent. Les deux acteurs jouent ici des versions fictives d\u2019eux-m\u00eames dans une com\u00e9die qui s\u2019amuse avec leur image, leur complicit\u00e9 et leur pass\u00e9 commun. Apr\u00e8s leur collaboration remarqu\u00e9e dans True Detective, les deux com\u00e9diens se retrouvent donc dans un univers beaucoup plus d\u00e9cal\u00e9.<\/p>\n<p>Lire aussi\u00a0: <a href=\"https:\/\/programmetv.ouest-france.fr\/serie\/paolo-la-comtesse-de-monte-cristo-le-festival-de-la-fiction-de-la-rochelle-devoile-son-edition-2026-5028b894-a1fa-11f1-a9be-af36b8f2f435\" target=\"_self\" rel=\"nofollow noopener\">\u00ab\u00a0Paolo\u00a0\u00bb, \u00ab\u00a0La Comtesse de Monte-Cristo\u00a0\u00bb\u2026 Le festival de la fiction de La Rochelle d\u00e9voile son \u00e9dition 2026<\/a><\/p>\n<p>        \u00ab\u00a0Paolo\u00a0\u00bb, d\u00e8s le 25\u00a0septembre sur HBO Max<\/p>\n<p data-ofstats-scroll=\"read_depth_90\">Paolo\u00a0(J\u00e9r\u00f4me Niel) m\u00e8ne une existence plut\u00f4t ordinaire jusqu\u2019au jour o\u00f9 il retrouve Th\u00e9ophane, un ancien camarade d\u2019\u00e9cole devenu candidat \u00e0 la mairie de sa ville. S\u00e9duit par son parcours et son assurance, Paolo commence par vouloir simplement lui apporter son soutien. Mais \u00e0 mesure qu\u2019il se rapproche de lui, son admiration se transforme en quelque chose de beaucoup plus inqui\u00e9tant. Cette fascination grandissante va progressivement envahir sa vie et l\u2019entra\u00eener sur un terrain dangereux.<\/p>\n<p>        \u00ab\u00a0Adults\u00a0\u00bb, saison 2, d\u00e8s le 30\u00a0septembre sur Disney+<\/p>\n<p data-ofstats-scroll=\"read_depth_100\">Les cinq colocataires poursuivent leur difficile apprentissage de l\u2019\u00e2ge adulte. Cette nouvelle saison s\u2019int\u00e9resse encore une fois \u00e0 ces petits moments o\u00f9 l\u2019on se demande si l\u2019on est vraiment devenu adulte ou si l\u2019on fait simplement semblant. Travail, amiti\u00e9, amour, argent ou encore choix de vie&#8230;chacun va devoir faire face \u00e0 de nouvelles situations parfois franchement absurdes. Et parce que grandir ne signifie pas forc\u00e9ment avoir toutes les r\u00e9ponses, les colocataires vont continuer \u00e0 avancer tant bien que mal, avec beaucoup de questions et quelques mauvaises d\u00e9cisions.<\/p>\n","protected":false},"excerpt":{"rendered":"Apr\u00e8s un mois d\u2019ao\u00fbt d\u00e9j\u00e0 riche en nouveaut\u00e9s, septembre ne sera pas en reste avec plusieurs s\u00e9ries tr\u00e8s&hellip;\n","protected":false},"author":2,"featured_media":286016,"comment_status":"","ping_status":"","sticky":false,"template":"","format":"standard","meta":{"footnotes":"","_share_on_mastodon":"0"},"categories":[13],"tags":[1771,3385,2397,4095,2774,4674,1298,113,112,3120,486,8851,932,23,142,196,29405,109],"class_list":["post-286015","post","type-post","status-publish","format-standard","has-post-thumbnail","category-television","tag-actualite-en-continu","tag-amazon-prime-video","tag-apple-tv","tag-arte","tag-arte-tv","tag-canal","tag-disney","tag-divertissement","tag-entertainment","tag-hbo-max","tag-netflix","tag-paramount","tag-series","tag-suisse","tag-television","tag-tf1","tag-tomer-sisley","tag-une"],"share_on_mastodon":{"url":"https:\/\/pubeurope.com\/@ch_fr\/117195677872881719","error":""},"_links":{"self":[{"href":"https:\/\/www.europesays.com\/ch-fr\/wp-json\/wp\/v2\/posts\/286015","targetHints":{"allow":["GET"]}}],"collection":[{"href":"https:\/\/www.europesays.com\/ch-fr\/wp-json\/wp\/v2\/posts"}],"about":[{"href":"https:\/\/www.europesays.com\/ch-fr\/wp-json\/wp\/v2\/types\/post"}],"author":[{"embeddable":true,"href":"https:\/\/www.europesays.com\/ch-fr\/wp-json\/wp\/v2\/users\/2"}],"replies":[{"embeddable":true,"href":"https:\/\/www.europesays.com\/ch-fr\/wp-json\/wp\/v2\/comments?post=286015"}],"version-history":[{"count":0,"href":"https:\/\/www.europesays.com\/ch-fr\/wp-json\/wp\/v2\/posts\/286015\/revisions"}],"wp:featuredmedia":[{"embeddable":true,"href":"https:\/\/www.europesays.com\/ch-fr\/wp-json\/wp\/v2\/media\/286016"}],"wp:attachment":[{"href":"https:\/\/www.europesays.com\/ch-fr\/wp-json\/wp\/v2\/media?parent=286015"}],"wp:term":[{"taxonomy":"category","embeddable":true,"href":"https:\/\/www.europesays.com\/ch-fr\/wp-json\/wp\/v2\/categories?post=286015"},{"taxonomy":"post_tag","embeddable":true,"href":"https:\/\/www.europesays.com\/ch-fr\/wp-json\/wp\/v2\/tags?post=286015"}],"curies":[{"name":"wp","href":"https:\/\/api.w.org\/{rel}","templated":true}]}}