{"id":286027,"date":"2026-09-01T12:08:11","date_gmt":"2026-09-01T12:08:11","guid":{"rendered":"https:\/\/www.europesays.com\/ch-fr\/286027\/"},"modified":"2026-09-01T12:08:11","modified_gmt":"2026-09-01T12:08:11","slug":"lex-ubs-karin-keller-sutter-a-de-serieux-doutes-2","status":"publish","type":"post","link":"https:\/\/www.europesays.com\/ch-fr\/286027\/","title":{"rendered":"Lex UBS : Karin Keller-Sutter a \u00ab de s\u00e9rieux doutes \u00bb"},"content":{"rendered":"<p>La proposition de la commission de l&rsquo;\u00e9conomie du Conseil des Etats sur les fonds propres des banques d&rsquo;importance syst\u00e9mique est \u00ab\u00a0juridiquement incertaine\u00a0\u00bb, estime la ministre des Finances Karin Keller-Sutter. Selon elle, cette proposition ne permet pas d&rsquo;am\u00e9liorer la situation.<\/p>\n<p>Apr\u00e8s la chute de Credit Suisse, le Conseil f\u00e9d\u00e9ral a d\u00e9cid\u00e9 de renforcer les r\u00e8gles pour les banques d&rsquo;importance syst\u00e9mique, comme UBS, pour la couverture des participations qu&rsquo;elles d\u00e9tiennent \u00e0 l&rsquo;\u00e9tranger. Il veut une couverture \u00e0 100% par des fonds propres classiques \u2013 contre environ 45% actuellement. UBS est oppos\u00e9e \u00e0 ce durcissement.<\/p>\n<p>&gt;&gt; A lire \u00a0: <a href=\"https:\/\/www.rts.ch\/info\/economie\/2026\/article\/ubs-la-commission-refuse-100-de-couverture-en-fonds-propres-29343456.html\" data-item-id=\"richtext_link\" rel=\"nofollow noopener\" target=\"_blank\">Fonds propres d&rsquo;UBS: la commission de l&rsquo;\u00e9conomie ne veut pas de la couverture \u00e0 100% d\u00e9fendue par le Conseil f\u00e9d\u00e9ral\u00a0<\/a><\/p>\n<p>Lundi, la commission de l&rsquo;\u00e9conomie du Conseil des Etats a d\u00e9cid\u00e9 de ne pas aller aussi loin que le gouvernement. Elle privil\u00e9gie une couverture \u00e0 50% par des fonds propres, et \u00e0 50% par des obligations AT1. Ces titres offrent un rendement \u00e9lev\u00e9 et peuvent soit \u00eatre convertis en fonds propres, soit \u00eatre d\u00e9clar\u00e9s sans valeur. Ils seront repens\u00e9s de sorte \u00e0 produire des effets plus rapidement.<\/p>\n<p>Sceptique<\/p>\n<p>La conseill\u00e8re f\u00e9d\u00e9rale Karin Keller-Sutter a \u00e9mis de \u00ab\u00a0s\u00e9rieux doutes\u00a0\u00bb face \u00e0 cette proposition. Celle-ci est \u00ab\u00a0juridiquement incertaine et pas forc\u00e9ment applicable dans la pratique\u00a0\u00bb. Les obligations AT1 restent des capitaux \u00e9trangers \u00e0 la banque concern\u00e9e.<\/p>\n<p>\u00ab\u00a0Bien s\u00fbr que cette proposition ne correspond pas \u00e0 la position du Conseil f\u00e9d\u00e9ral. Mais elle ne correspond pas non plus \u00e0 celle de la plupart des experts, ni \u00e0 celle de la Banque nationale suisse et d&rsquo;autres institutions\u00a0\u00bb, critique la conseill\u00e8re f\u00e9d\u00e9rale dans le 12h30, rappelant que le Conseil f\u00e9d\u00e9ral a voulu tirer les le\u00e7ons de la d\u00e9b\u00e2cle de Credit Suisse.<\/p>\n<p>Le Conseil f\u00e9d\u00e9ral souhaite renforcer les fonds propres des banques d&rsquo;importance syst\u00e9mique, a martel\u00e9 la ministre. Les pertes engendr\u00e9es, notamment aux Etats-Unis, lors de la crise de Credit Suisse ont eu des r\u00e9percussions sur la maison-m\u00e8re en Suisse. Elle n&rsquo;\u00e9tait alors plus suffisamment capitalis\u00e9e, a rappel\u00e9 la Saint-Galloise. C&rsquo;est pr\u00e9cis\u00e9ment ce qu&rsquo;il faut \u00e9viter.<\/p>\n<p> &gt;&gt; Voir aussi le sujet du 19h30\u00a0:   <img decoding=\"async\" class=\"embed-responsive-item\" loading=\"lazy\" src=\"https:\/\/www.europesays.com\/ch-fr\/wp-content\/uploads\/2026\/09\/1788264491_84_57f43683-29343570.image.jpeg\" alt=\"UBS: le Conseil des Etats se montre moins s\u00e9v\u00e8re sur les fonds propres\"\/>    UBS: le Conseil des Etats se montre moins s\u00e9v\u00e8re sur les fonds propres \/ 19h30 \/ 2 min. \/ hier \u00e0 19:30 La suite dans l&rsquo;ar\u00e8ne parlementaire<\/p>\n<p>Karin Keller-Sutter demande au Parlement d&rsquo;assumer ses responsabilit\u00e9s, alors qu&rsquo;une commission d&rsquo;enqu\u00eate parlementaire a \u00e9t\u00e9 men\u00e9e sur la d\u00e9b\u00e2cle de Credit Suisse. Diverses institutions telles que la Banque nationale suisse (BNS), l&rsquo;Autorit\u00e9 f\u00e9d\u00e9rale de surveillance des march\u00e9s financiers (FINMA) ou le Fonds mon\u00e9taire international (FMI) soutiennent la proposition du Conseil f\u00e9d\u00e9ral.<\/p>\n<p>La conseill\u00e8re f\u00e9d\u00e9rale s&rsquo;est dite pr\u00eate \u00e0 d\u00e9fendre cette voie lors du d\u00e9bat pr\u00e9vu \u00e0 la session d&rsquo;automne au Conseil des Etats. Elle s&rsquo;est r\u00e9jouie qu&rsquo;une minorit\u00e9 \u00ab\u00a0non n\u00e9gligeable\u00a0\u00bb au sein de la commission soit favorable \u00e0 un taux de fonds propres de 90%.<\/p>\n<p> &gt;&gt; Ecouter le sujet de La Matinale\u00a0:    Fonds propres d&rsquo;UBS: la commission de l&rsquo;Economie ne veut pas d&rsquo;une couverture \u00e0 100% \/ La Matinale \/ 1 min. \/ aujourd&rsquo;hui \u00e0 06:18 <\/p>\n<p class=\"sources\">jfe avec l&rsquo;ats<\/p>\n","protected":false},"excerpt":{"rendered":"La proposition de la commission de l&rsquo;\u00e9conomie du Conseil des Etats sur les fonds propres des banques d&rsquo;importance&hellip;\n","protected":false},"author":2,"featured_media":286028,"comment_status":"","ping_status":"","sticky":false,"template":"","format":"standard","meta":{"footnotes":"","_share_on_mastodon":"0"},"categories":[6],"tags":[45,62093,3521,4851,1639,44,344,43,967,7221,741,9030,17447,92,23],"class_list":["post-286027","post","type-post","status-publish","format-standard","has-post-thumbnail","category-economie","tag-business","tag-capitaux-propres","tag-commission","tag-conseil-des-etats","tag-conseil-federal-suisse","tag-economie","tag-economie-et-finances","tag-economy","tag-finance","tag-financial-service","tag-gouvernement","tag-karin-keller-sutter","tag-ministre-des-finances","tag-politique","tag-suisse"],"share_on_mastodon":{"url":"https:\/\/pubeurope.com\/@ch_fr\/117195709757232176","error":""},"_links":{"self":[{"href":"https:\/\/www.europesays.com\/ch-fr\/wp-json\/wp\/v2\/posts\/286027","targetHints":{"allow":["GET"]}}],"collection":[{"href":"https:\/\/www.europesays.com\/ch-fr\/wp-json\/wp\/v2\/posts"}],"about":[{"href":"https:\/\/www.europesays.com\/ch-fr\/wp-json\/wp\/v2\/types\/post"}],"author":[{"embeddable":true,"href":"https:\/\/www.europesays.com\/ch-fr\/wp-json\/wp\/v2\/users\/2"}],"replies":[{"embeddable":true,"href":"https:\/\/www.europesays.com\/ch-fr\/wp-json\/wp\/v2\/comments?post=286027"}],"version-history":[{"count":0,"href":"https:\/\/www.europesays.com\/ch-fr\/wp-json\/wp\/v2\/posts\/286027\/revisions"}],"wp:featuredmedia":[{"embeddable":true,"href":"https:\/\/www.europesays.com\/ch-fr\/wp-json\/wp\/v2\/media\/286028"}],"wp:attachment":[{"href":"https:\/\/www.europesays.com\/ch-fr\/wp-json\/wp\/v2\/media?parent=286027"}],"wp:term":[{"taxonomy":"category","embeddable":true,"href":"https:\/\/www.europesays.com\/ch-fr\/wp-json\/wp\/v2\/categories?post=286027"},{"taxonomy":"post_tag","embeddable":true,"href":"https:\/\/www.europesays.com\/ch-fr\/wp-json\/wp\/v2\/tags?post=286027"}],"curies":[{"name":"wp","href":"https:\/\/api.w.org\/{rel}","templated":true}]}}