{"id":286045,"date":"2026-09-01T12:24:13","date_gmt":"2026-09-01T12:24:13","guid":{"rendered":"https:\/\/www.europesays.com\/ch-fr\/286045\/"},"modified":"2026-09-01T12:24:13","modified_gmt":"2026-09-01T12:24:13","slug":"union-berlin-kastriot-imeri-quitte-yb-pour-la-bundesliga","status":"publish","type":"post","link":"https:\/\/www.europesays.com\/ch-fr\/286045\/","title":{"rendered":"Union Berlin : Kastriot Imeri quitte YB pour la Bundesliga"},"content":{"rendered":"<p>Kastriot Imeri et Young Boys, c&rsquo;est termin\u00e9. L&rsquo;attaquant de 26 ans est transf\u00e9r\u00e9 d\u00e9finitivement \u00e0 l&rsquo;Union Berlin en Bundesliga.<\/p>\n<p>L&rsquo;international suisse (une s\u00e9lection) avait rejoint YB en provenance de Servette \u00e0 l&rsquo;\u00e9t\u00e9 2022, et a depuis disput\u00e9 79 rencontres sous les couleurs du club de la capitale f\u00e9d\u00e9rale, lors desquelles il a marqu\u00e9 \u00e0 10 reprises et sign\u00e9 autant de passes d\u00e9cisives. Apr\u00e8s avoir remport\u00e9 le championnat avec YB en 2023 et 2024, Imeri s&rsquo;est adjug\u00e9 un 3e sacre lors de l&rsquo;exercice \u00e9coul\u00e9 avec Thoune, o\u00f9 il avait \u00e9t\u00e9 pr\u00eat\u00e9 durant la saison.<\/p>\n<p>Le Genevois s&rsquo;y \u00e9tait montr\u00e9 particuli\u00e8rement prolifique, avec 6 buts et 8 passes d\u00e9cisives en 30 matches. A Berlin, celui qui a \u00e9galement soulev\u00e9 la Coupe de Suisse il y a 3 ans retrouvera Mauro Lustrinelli, l&rsquo;entra\u00eeneur qui a men\u00e9 le club de l&rsquo;Oberland bernois au titre lors de l&rsquo;exercice 2025\/26.<\/p>\n<p class=\"sources\">ats\/bao<\/p>\n","protected":false},"excerpt":{"rendered":"Kastriot Imeri et Young Boys, c&rsquo;est termin\u00e9. L&rsquo;attaquant de 26 ans est transf\u00e9r\u00e9 d\u00e9finitivement \u00e0 l&rsquo;Union Berlin en&hellip;\n","protected":false},"author":2,"featured_media":286046,"comment_status":"","ping_status":"","sticky":false,"template":"","format":"standard","meta":{"footnotes":"","_share_on_mastodon":"0"},"categories":[8],"tags":[24744,1830,21233,1182,14527,996,911,182,1221,184,1407,186,75,23,190],"class_list":["post-286045","post","type-post","status-publish","format-standard","has-post-thumbnail","category-sports","tag-1-fc-union-berlin","tag-allemagne","tag-berlin","tag-bsc-young-boys","tag-championnat-dallemagne-de-football","tag-club","tag-coupe-de-suisse-de-football","tag-football","tag-kastriot-imeri","tag-mauro-lustrinelli","tag-servette-fc","tag-sport","tag-sports","tag-suisse","tag-thoune"],"share_on_mastodon":{"url":"https:\/\/pubeurope.com\/@ch_fr\/117195772056621731","error":""},"_links":{"self":[{"href":"https:\/\/www.europesays.com\/ch-fr\/wp-json\/wp\/v2\/posts\/286045","targetHints":{"allow":["GET"]}}],"collection":[{"href":"https:\/\/www.europesays.com\/ch-fr\/wp-json\/wp\/v2\/posts"}],"about":[{"href":"https:\/\/www.europesays.com\/ch-fr\/wp-json\/wp\/v2\/types\/post"}],"author":[{"embeddable":true,"href":"https:\/\/www.europesays.com\/ch-fr\/wp-json\/wp\/v2\/users\/2"}],"replies":[{"embeddable":true,"href":"https:\/\/www.europesays.com\/ch-fr\/wp-json\/wp\/v2\/comments?post=286045"}],"version-history":[{"count":0,"href":"https:\/\/www.europesays.com\/ch-fr\/wp-json\/wp\/v2\/posts\/286045\/revisions"}],"wp:featuredmedia":[{"embeddable":true,"href":"https:\/\/www.europesays.com\/ch-fr\/wp-json\/wp\/v2\/media\/286046"}],"wp:attachment":[{"href":"https:\/\/www.europesays.com\/ch-fr\/wp-json\/wp\/v2\/media?parent=286045"}],"wp:term":[{"taxonomy":"category","embeddable":true,"href":"https:\/\/www.europesays.com\/ch-fr\/wp-json\/wp\/v2\/categories?post=286045"},{"taxonomy":"post_tag","embeddable":true,"href":"https:\/\/www.europesays.com\/ch-fr\/wp-json\/wp\/v2\/tags?post=286045"}],"curies":[{"name":"wp","href":"https:\/\/api.w.org\/{rel}","templated":true}]}}