{"id":286172,"date":"2026-09-01T13:58:23","date_gmt":"2026-09-01T13:58:23","guid":{"rendered":"https:\/\/www.europesays.com\/ch-fr\/286172\/"},"modified":"2026-09-01T13:58:23","modified_gmt":"2026-09-01T13:58:23","slug":"zone-euro-linflation-bondit-a-33-en-aout-2","status":"publish","type":"post","link":"https:\/\/www.europesays.com\/ch-fr\/286172\/","title":{"rendered":"Zone euro: l&rsquo;inflation bondit \u00e0 3,3% en ao\u00fbt"},"content":{"rendered":"<p class=\"wysiwyg-h2\">L&rsquo;inflation a grimp\u00e9 en ao\u00fbt dans la zone euro, atteignant son niveau le plus \u00e9lev\u00e9 depuis trois ans en raison de la remont\u00e9e des prix de l&rsquo;\u00e9nergie li\u00e9e au conflit au Moyen-Orient, selon des donn\u00e9es d&rsquo;Eurostat publi\u00e9es mardi.<\/p>\n<p>La hausse des prix au sein des 21 pays partageant la monnaie unique europ\u00e9enne a atteint 3,3% sur un an le mois dernier, son plus haut niveau depuis septembre 2023, contre 2,9% en juillet, selon une premi\u00e8re estimation de l&rsquo;office europ\u00e9en de statistiques.<\/p>\n<p>Cette nette acc\u00e9l\u00e9ration, conforme aux attentes des \u00e9conomistes interrog\u00e9s par Bloomberg, s&rsquo;explique par la nouvelle embard\u00e9e des prix du p\u00e9trole observ\u00e9e cet \u00e9t\u00e9, depuis la reprise des hostilit\u00e9s entre les Etats-Unis et l&rsquo;Iran d\u00e9but juillet.<\/p>\n<p>Ainsi, selon Eurostat, la hausse des prix de l&rsquo;\u00e9nergie dans la zone euro a acc\u00e9l\u00e9r\u00e9 \u00e0 14,3% en ao\u00fbt, contre 10,3% le mois pr\u00e9c\u00e9dent.<\/p>\n<p>Baisse dans les services<\/p>\n<p>Les prix des biens industriels ont particip\u00e9 beaucoup plus modestement au mouvement, ressortant en hausse de 1,2%, contre 0,9% en juillet.<\/p>\n<p>A l&rsquo;inverse, les prix des services ont d\u00e9c\u00e9l\u00e9r\u00e9 \u00e0 3% (-0,3 point), tandis que ceux de l&rsquo;alimentation se sont maintenus +1,2%.<\/p>\n<p>L&rsquo;inflation sous-jacente, qui exclut les prix des biens les plus volatils (dont l&rsquo;\u00e9nergie et l&rsquo;alimentation) a quant \u00e0 elle l\u00e9g\u00e8rement ralenti \u00e0 2,4% sur un an (-0,1 point).<\/p>\n<p>En mai dernier, l&rsquo;inflation dans la zone euro avait atteint un pic \u00e0 3,2% dans le sillage du conflit au Moyen-Orient, avant de redescendre sous la barre des 3% gr\u00e2ce \u00e0 un apaisement temporaire des prix du p\u00e9trole.<\/p>\n<p> \/ATS<\/p>\n","protected":false},"excerpt":{"rendered":"L&rsquo;inflation a grimp\u00e9 en ao\u00fbt dans la zone euro, atteignant son niveau le plus \u00e9lev\u00e9 depuis trois ans&hellip;\n","protected":false},"author":2,"featured_media":286173,"comment_status":"","ping_status":"","sticky":false,"template":"","format":"standard","meta":{"footnotes":"","_share_on_mastodon":"0"},"categories":[6],"tags":[121,124,128,45,119,44,43,122,123,118,136,132,131,133,130,135,120,126,117,125,114,115,116,23,129,127,134],"class_list":["post-286172","post","type-post","status-publish","format-standard","has-post-thumbnail","category-economie","tag-ajoie","tag-animation","tag-bienne","tag-business","tag-delemont","tag-economie","tag-economy","tag-franches-montagnes","tag-frequence","tag-jura","tag-jura-bernois","tag-la-chaux-de-fonds","tag-moutier","tag-neuchatel","tag-neuveville","tag-payerne","tag-porrentruy","tag-publicite","tag-radio","tag-redaction","tag-rfj","tag-rjb","tag-rtn","tag-suisse","tag-tavannes","tag-vallon-de-st-imier","tag-yverdon"],"share_on_mastodon":{"url":"https:\/\/pubeurope.com\/@ch_fr\/117196141967800830","error":""},"_links":{"self":[{"href":"https:\/\/www.europesays.com\/ch-fr\/wp-json\/wp\/v2\/posts\/286172","targetHints":{"allow":["GET"]}}],"collection":[{"href":"https:\/\/www.europesays.com\/ch-fr\/wp-json\/wp\/v2\/posts"}],"about":[{"href":"https:\/\/www.europesays.com\/ch-fr\/wp-json\/wp\/v2\/types\/post"}],"author":[{"embeddable":true,"href":"https:\/\/www.europesays.com\/ch-fr\/wp-json\/wp\/v2\/users\/2"}],"replies":[{"embeddable":true,"href":"https:\/\/www.europesays.com\/ch-fr\/wp-json\/wp\/v2\/comments?post=286172"}],"version-history":[{"count":0,"href":"https:\/\/www.europesays.com\/ch-fr\/wp-json\/wp\/v2\/posts\/286172\/revisions"}],"wp:featuredmedia":[{"embeddable":true,"href":"https:\/\/www.europesays.com\/ch-fr\/wp-json\/wp\/v2\/media\/286173"}],"wp:attachment":[{"href":"https:\/\/www.europesays.com\/ch-fr\/wp-json\/wp\/v2\/media?parent=286172"}],"wp:term":[{"taxonomy":"category","embeddable":true,"href":"https:\/\/www.europesays.com\/ch-fr\/wp-json\/wp\/v2\/categories?post=286172"},{"taxonomy":"post_tag","embeddable":true,"href":"https:\/\/www.europesays.com\/ch-fr\/wp-json\/wp\/v2\/tags?post=286172"}],"curies":[{"name":"wp","href":"https:\/\/api.w.org\/{rel}","templated":true}]}}