{"id":286204,"date":"2026-09-01T14:24:14","date_gmt":"2026-09-01T14:24:14","guid":{"rendered":"https:\/\/www.europesays.com\/ch-fr\/286204\/"},"modified":"2026-09-01T14:24:14","modified_gmt":"2026-09-01T14:24:14","slug":"le-zoo-de-zurich-presente-ses-projets-spectaculaires-en-detail","status":"publish","type":"post","link":"https:\/\/www.europesays.com\/ch-fr\/286204\/","title":{"rendered":"Le zoo de Zurich pr\u00e9sente ses projets spectaculaires en d\u00e9tail"},"content":{"rendered":"<p class=\"wysiwyg-h2\">For\u00eats pour les grands singes, voli\u00e8re g\u00e9ante en mar\u00e9cageuse, c\u00f4te maritime pour les pingouins, le zoo de Zurich pr\u00e9sente en d\u00e9tail les \u00e9normes espaces de vie qu&rsquo;il projette d&rsquo;ici \u00e0 2050. Un nouveau plan d&rsquo;am\u00e9nagement, mis en consultation, encadre ses plans.<\/p>\n<p>Il y a cinq ans, le zoo de Zurich avait lev\u00e9 le voile sur ses intentions \u00e0 long terme: transformer ses installations en onze \u00e9normes espaces de vie animale \u00e0 visiter de l&rsquo;int\u00e9rieur. Leur tridimensionnalit\u00e9 doit fixer de nouveaux standards bien plus g\u00e9n\u00e9reux en mati\u00e8re de d\u00e9tention d&rsquo;animaux en milieu zoologique.<\/p>\n<p>Mardi, le zoo et les autorit\u00e9s cantonales ont lanc\u00e9, devant les m\u00e9dias, la mise en consultation du nouveau plan directeur qui encadrera ces projets. Le parc zoologique a saisi cette occasion pour pr\u00e9senter davantage de d\u00e9tails sur ses plans et mettre \u00e0 jour leur calendrier.<\/p>\n<p>Visiteurs dans les airs, au sol&#8230;<\/p>\n<p>Apr\u00e8s l&rsquo;espace sudam\u00e9ricain Pantanal en 2012, la savane Lewa en 2020 et la grande installation Panthera pour les f\u00e9lins en 2025, le zoo de Zurich pr\u00e9voit d&rsquo;ouvrir en 2031 la &lsquo;For\u00eat de Ndoki&rsquo;. Ce territoire de 29&rsquo;000m2 comprendra une centaine d&rsquo;arbres g\u00e9ants d&rsquo;au moins 25 m\u00e8tres de haut &#8211; une premi\u00e8re mondiale dans un zoo &#8211; et des mar\u00e9cages. Il sera subdivis\u00e9 en plusieurs zones, occup\u00e9es alternativement par les gorilles, les drills, les okapis et les hippopotames.<\/p>\n<p>Le public parcourra la for\u00eat \u00e0 diff\u00e9rents niveaux, sur des passerelles notamment, de la cime des arbres au paysage mar\u00e9cageux. Cet espace s&rsquo;inspire du Parc national congolais de Nouabal\u00e9-Ndoki. Le d\u00e9but des travaux est pr\u00e9vu pour 2028. Actuellement, des vari\u00e9t\u00e9s exotiques d&rsquo;arbres tropicaux commencent \u00e0 pousser dans la partie sup\u00e9rieure du zoo.<\/p>\n<p>Une for\u00eat tropicale de 30&rsquo;000m2, inspir\u00e9e de celle de Sumatra et destin\u00e9e aux orangs-outans, gibbons, tapirs et d&rsquo;autres esp\u00e8ces menac\u00e9es dans cette r\u00e9gion du monde, est pr\u00e9vue \u00e0 plus long terme. Ce projet pr\u00e9voit un gigantesque espace int\u00e9rieur vitr\u00e9 d&rsquo;hiver, culminant \u00e0 55 m\u00e8tres, comprenant des arbres g\u00e9ants de 50 m\u00e8tres.<\/p>\n<p>&#8230;et m\u00eame sous la &lsquo;mer&rsquo; des pingouins<\/p>\n<p>Le Pantanal est, lui, en cours de transformation. Cette zone humide de 11&rsquo;000m2, inspir\u00e9e de la r\u00e9gion sud-am\u00e9ricaine \u00e9ponyme, doit \u00eatre surmont\u00e9e ces prochaines ann\u00e9es d&rsquo;une voli\u00e8re g\u00e9ante d&rsquo;une hauteur de 35 m\u00e8tres. Oiseaux d&rsquo;eau et aras hyacinthe &#8211; les plus grands perroquets du monde, eux aussi menac\u00e9s &#8211; y domineront dans les airs les flamants du Chili, les tamarins, les tapirs et les fourmiliers.<\/p>\n<p>Enfin, des centaines de pingouins vivront, un jour, en colonie dans un grand espace maritime. Ce paysage c\u00f4tier comprendra des rochers, des plages et de grands plans d&rsquo;eau. Les visiteurs pourront les observer notamment depuis un tunnel souterrain.<\/p>\n<p>Voitures sous terre<\/p>\n<p>Ces projets sont tous inscrits dans le nouveau plan d&rsquo;am\u00e9nagement cantonal mis en consultation. Leur compatibilit\u00e9 environnementale et urbanistique a \u00e9t\u00e9 v\u00e9rifi\u00e9e, souligne le ministre zurichois des infrastructures Martin Neukom (Vert-e-s).<\/p>\n<p>De plus, un espace vert est appel\u00e9 \u00e0 remplacer le parking du zoo, qui sera relog\u00e9 sous terre. La ligne de tram sera, elle, prolong\u00e9e jusqu&rsquo;\u00e0 l&rsquo;arriv\u00e9e des futures t\u00e9l\u00e9cabines en provenance du versant oppos\u00e9 de la colline.<\/p>\n<p> \/ATS<\/p>\n","protected":false},"excerpt":{"rendered":"For\u00eats pour les grands singes, voli\u00e8re g\u00e9ante en mar\u00e9cageuse, c\u00f4te maritime pour les pingouins, le zoo de Zurich&hellip;\n","protected":false},"author":2,"featured_media":286205,"comment_status":"","ping_status":"","sticky":false,"template":"","format":"standard","meta":{"footnotes":"","_share_on_mastodon":"0"},"categories":[16],"tags":[121,124,128,119,122,123,118,136,132,131,133,130,135,120,126,117,125,114,115,116,23,129,127,134,32],"class_list":["post-286204","post","type-post","status-publish","format-standard","has-post-thumbnail","category-zurich","tag-ajoie","tag-animation","tag-bienne","tag-delemont","tag-franches-montagnes","tag-frequence","tag-jura","tag-jura-bernois","tag-la-chaux-de-fonds","tag-moutier","tag-neuchatel","tag-neuveville","tag-payerne","tag-porrentruy","tag-publicite","tag-radio","tag-redaction","tag-rfj","tag-rjb","tag-rtn","tag-suisse","tag-tavannes","tag-vallon-de-st-imier","tag-yverdon","tag-zurich"],"share_on_mastodon":{"url":"https:\/\/pubeurope.com\/@ch_fr\/117196244250499568","error":""},"_links":{"self":[{"href":"https:\/\/www.europesays.com\/ch-fr\/wp-json\/wp\/v2\/posts\/286204","targetHints":{"allow":["GET"]}}],"collection":[{"href":"https:\/\/www.europesays.com\/ch-fr\/wp-json\/wp\/v2\/posts"}],"about":[{"href":"https:\/\/www.europesays.com\/ch-fr\/wp-json\/wp\/v2\/types\/post"}],"author":[{"embeddable":true,"href":"https:\/\/www.europesays.com\/ch-fr\/wp-json\/wp\/v2\/users\/2"}],"replies":[{"embeddable":true,"href":"https:\/\/www.europesays.com\/ch-fr\/wp-json\/wp\/v2\/comments?post=286204"}],"version-history":[{"count":0,"href":"https:\/\/www.europesays.com\/ch-fr\/wp-json\/wp\/v2\/posts\/286204\/revisions"}],"wp:featuredmedia":[{"embeddable":true,"href":"https:\/\/www.europesays.com\/ch-fr\/wp-json\/wp\/v2\/media\/286205"}],"wp:attachment":[{"href":"https:\/\/www.europesays.com\/ch-fr\/wp-json\/wp\/v2\/media?parent=286204"}],"wp:term":[{"taxonomy":"category","embeddable":true,"href":"https:\/\/www.europesays.com\/ch-fr\/wp-json\/wp\/v2\/categories?post=286204"},{"taxonomy":"post_tag","embeddable":true,"href":"https:\/\/www.europesays.com\/ch-fr\/wp-json\/wp\/v2\/tags?post=286204"}],"curies":[{"name":"wp","href":"https:\/\/api.w.org\/{rel}","templated":true}]}}