{"id":286232,"date":"2026-09-01T14:46:11","date_gmt":"2026-09-01T14:46:11","guid":{"rendered":"https:\/\/www.europesays.com\/ch-fr\/286232\/"},"modified":"2026-09-01T14:46:11","modified_gmt":"2026-09-01T14:46:11","slug":"zevent-2026-de-montpellier-le-concert-douverture-voit-grand-a-la-sud-de-france-arena","status":"publish","type":"post","link":"https:\/\/www.europesays.com\/ch-fr\/286232\/","title":{"rendered":"ZEVENT 2026 de Montpellier\u00a0: le concert d\u2019ouverture voit grand \u00e0 la Sud de France Arena"},"content":{"rendered":"<p>\n                                                                De la drill de Gazo aux refrains de GIMS et Bigflo\u00a0&amp; Oli, la soir\u00e9e d\u2019inauguration de l\u2019\u00e9dition anniversaire Z Event r\u00e9unit de grands noms ce jeudi 3\u00a0septembre, pour soutenir un \u00e9lan de solidarit\u00e9 hors norme.\n                            <\/p>\n<p>16\u00a0658\u00a0660\u00a0\u20ac. C\u2019est le montant r\u00e9colt\u00e9 en 2025 par le ZEVENT, \u00e9v\u00e9nement caritatif o\u00f9 des streameurs se mobilisent pendant trois jours pour r\u00e9colter des fonds en direct. Un grand succ\u00e8s pour ce projet co-cr\u00e9\u00e9 par le Montpelli\u00e9rain Adrien Nougaret, alias ZeratoR.<\/p>\n<p>Des artistes de rap<\/p>\n<p>Si la partie streaming qui dure trois jours est importante, chaque \u00e9dition s\u2019ouvre avec un grand concert dans lequel diff\u00e9rents styles cohabitent (\u00e9lectro, pop, rock ou \u00e9lectro-swing), mais o\u00f9 une large place est faite au rap. L\u2019an pass\u00e9, IAM et Alonzo avaient enflamm\u00e9 le Z\u00e9nith Sud.<\/p>\n<p>Trois grands noms<\/p>\n<p>Cette ann\u00e9e, ce sont trois grands noms qui vont faire vibrer la Sud de France Arena. Il y a celui qui \u00e9tait annonc\u00e9 en juillet au Mas de Couran \u00e0 Lattes pour un showcase mais qui n\u2019est jamais venu, honorant tout de m\u00eame son concert au format XXL aux Ar\u00e8nes de N\u00eemes\u00a0: GIMS. \u00c0 ses c\u00f4t\u00e9s, deux fr\u00e8res que vous auriez pu croiser cet \u00e9t\u00e9 autour de Frontignan o\u00f9 ils se sont install\u00e9s pour pr\u00e9parer leur prochain album\u00a0: Bigflo\u00a0&amp; Oli. Les Toulousains ont aussi enflamm\u00e9 les Ar\u00e8nes de N\u00eemes. Le dernier invit\u00e9 de cette inauguration des 10 ans du ZEVENT est Gazo. Le ma\u00eetre de la drill fran\u00e7aise a annonc\u00e9 l\u2019arriv\u00e9e prochaine d\u2019un nouvel opus et devrait en fournir quelques extraits au public. Une soir\u00e9e d\u2019ouverture taill\u00e9e pour marquer les esprits.<\/p>\n<p>Jeudi 3\u00a0septembre \u00e0 20\u00a0h. Sud de France Arena, route de la Foire, P\u00e9rols. Tarif\u00a0: 40\u00a0\u20ac.\u00a0<a href=\"https:\/\/zevent.fr\/\" target=\"_blank\" rel=\"nofollow noopener\">zevent.fr<\/a><\/p>\n","protected":false},"excerpt":{"rendered":"De la drill de Gazo aux refrains de GIMS et Bigflo\u00a0&amp; Oli, la soir\u00e9e d\u2019inauguration de l\u2019\u00e9dition anniversaire&hellip;\n","protected":false},"author":2,"featured_media":286233,"comment_status":"","ping_status":"","sticky":false,"template":"","format":"standard","meta":{"footnotes":"","_share_on_mastodon":"0"},"categories":[12],"tags":[291,113,112,635,636,140,141,23],"class_list":["post-286232","post","type-post","status-publish","format-standard","has-post-thumbnail","category-musique","tag-culture-et-loisirs","tag-divertissement","tag-entertainment","tag-herault","tag-montpellier","tag-music","tag-musique","tag-suisse"],"share_on_mastodon":{"url":"https:\/\/pubeurope.com\/@ch_fr\/117196330412191614","error":""},"_links":{"self":[{"href":"https:\/\/www.europesays.com\/ch-fr\/wp-json\/wp\/v2\/posts\/286232","targetHints":{"allow":["GET"]}}],"collection":[{"href":"https:\/\/www.europesays.com\/ch-fr\/wp-json\/wp\/v2\/posts"}],"about":[{"href":"https:\/\/www.europesays.com\/ch-fr\/wp-json\/wp\/v2\/types\/post"}],"author":[{"embeddable":true,"href":"https:\/\/www.europesays.com\/ch-fr\/wp-json\/wp\/v2\/users\/2"}],"replies":[{"embeddable":true,"href":"https:\/\/www.europesays.com\/ch-fr\/wp-json\/wp\/v2\/comments?post=286232"}],"version-history":[{"count":0,"href":"https:\/\/www.europesays.com\/ch-fr\/wp-json\/wp\/v2\/posts\/286232\/revisions"}],"wp:featuredmedia":[{"embeddable":true,"href":"https:\/\/www.europesays.com\/ch-fr\/wp-json\/wp\/v2\/media\/286233"}],"wp:attachment":[{"href":"https:\/\/www.europesays.com\/ch-fr\/wp-json\/wp\/v2\/media?parent=286232"}],"wp:term":[{"taxonomy":"category","embeddable":true,"href":"https:\/\/www.europesays.com\/ch-fr\/wp-json\/wp\/v2\/categories?post=286232"},{"taxonomy":"post_tag","embeddable":true,"href":"https:\/\/www.europesays.com\/ch-fr\/wp-json\/wp\/v2\/tags?post=286232"}],"curies":[{"name":"wp","href":"https:\/\/api.w.org\/{rel}","templated":true}]}}