{"id":286244,"date":"2026-09-01T14:54:18","date_gmt":"2026-09-01T14:54:18","guid":{"rendered":"https:\/\/www.europesays.com\/ch-fr\/286244\/"},"modified":"2026-09-01T14:54:18","modified_gmt":"2026-09-01T14:54:18","slug":"swiss-made-assoupli-deputes-neuchatelois-inquiets","status":"publish","type":"post","link":"https:\/\/www.europesays.com\/ch-fr\/286244\/","title":{"rendered":"Swiss Made assoupli : d\u00e9put\u00e9s neuch\u00e2telois inquiets"},"content":{"rendered":"<p class=\"paragraph\">\u00ab D\u00e9fendre le Swiss Made, c&rsquo;est d\u00e9fendre notre industrie et ceux qui font encore le choix de produire en Suisse \u00bb\u00a0, a d\u00e9clar\u00e9 la d\u00e9put\u00e9e (UDC) Roxann Barbezat, auteure de la r\u00e9solution.\u00a0\u00ab\u00a0Produire en Suisse a un co\u00fbt et permet d&rsquo;y maintenir des comp\u00e9tences et des investissements\u00a0\u00bb, a-t-elle ajout\u00e9.<\/p>\n<p class=\"paragraph\">Selon la d\u00e9put\u00e9e, il faut \u00e9viter de faire une diff\u00e9rence entre l&rsquo;image et la production en Suisse, car sinon on incite \u00e0 la d\u00e9localisation. Maxime Auchlin (PVL) va dans le m\u00eame sens : \u00ab\u00a0Les horlogers suisses respectent des r\u00e8gles de tra\u00e7abilit\u00e9 stricte. Ils voient d&rsquo;un mauvais oeil que la cr\u00e9dibilit\u00e9 d&rsquo;un label, qui assure une certaine qualit\u00e9 et un savoir-faire, soit fragilis\u00e9e. \u00bb<\/p>\n<p class=\"paragraphHeadline\">Avantage concurrentiel<\/p>\n<p class=\"paragraph\">Cette r\u00e9solution a \u00e9t\u00e9 vot\u00e9e en r\u00e9action \u00e0 l\u2019assouplissement des r\u00e8gles intervenu dans le contexte de la \u00ab Lex On \u00bb. L&rsquo;institut f\u00e9d\u00e9ral de la propri\u00e9t\u00e9 intellectuelle (IPI) permet depuis mars d&rsquo;apposer, sous certaines conditions, la croix suisse sur des produits, m\u00eame si ceux-ci ont \u00e9t\u00e9 fabriqu\u00e9s \u00e0 l\u2019\u00e9tranger.<\/p>\n<p class=\"paragraph\">Il a justifi\u00e9 cette mesure en invoquant les difficult\u00e9s rencontr\u00e9es par l&rsquo;\u00e9conomie suisse en raison de la force du franc et des droits de douane \u00e9lev\u00e9s impos\u00e9s par les Etats-Unis. Cet assouplissement a \u00e9t\u00e9 conclu apr\u00e8s un conflit de plusieurs ann\u00e9es avec la marque zurichoise ON, qui fait fabriquer ses chaussures en Asie.<\/p>\n<p class=\"paragraph\">Pour l\u2019horlogerie neuch\u00e2teloise en particulier, le Swiss Made est un v\u00e9ritable avantage concurrentiel. \u00ab Il garantit au consommateur un lien entre le produit, son savoir-faire et le territoire. Il appartient donc au canton de Neuch\u00e2tel de d\u00e9fendre \u00e0 Berne un Swiss Made cr\u00e9dible et exigeant \u00bb, peut-on lire dans le texte de la r\u00e9solution. \/ats-bla-jpp<\/p>\n","protected":false},"excerpt":{"rendered":"\u00ab D\u00e9fendre le Swiss Made, c&rsquo;est d\u00e9fendre notre industrie et ceux qui font encore le choix de produire&hellip;\n","protected":false},"author":2,"featured_media":286245,"comment_status":"","ping_status":"","sticky":false,"template":"","format":"standard","meta":{"footnotes":"","_share_on_mastodon":"0"},"categories":[3],"tags":[121,124,128,119,122,123,118,136,132,131,133,130,135,120,126,117,125,114,115,116,23,129,127,134],"class_list":["post-286244","post","type-post","status-publish","format-standard","has-post-thumbnail","category-suisse","tag-ajoie","tag-animation","tag-bienne","tag-delemont","tag-franches-montagnes","tag-frequence","tag-jura","tag-jura-bernois","tag-la-chaux-de-fonds","tag-moutier","tag-neuchatel","tag-neuveville","tag-payerne","tag-porrentruy","tag-publicite","tag-radio","tag-redaction","tag-rfj","tag-rjb","tag-rtn","tag-suisse","tag-tavannes","tag-vallon-de-st-imier","tag-yverdon"],"share_on_mastodon":{"url":"https:\/\/pubeurope.com\/@ch_fr\/117196362053990145","error":""},"_links":{"self":[{"href":"https:\/\/www.europesays.com\/ch-fr\/wp-json\/wp\/v2\/posts\/286244","targetHints":{"allow":["GET"]}}],"collection":[{"href":"https:\/\/www.europesays.com\/ch-fr\/wp-json\/wp\/v2\/posts"}],"about":[{"href":"https:\/\/www.europesays.com\/ch-fr\/wp-json\/wp\/v2\/types\/post"}],"author":[{"embeddable":true,"href":"https:\/\/www.europesays.com\/ch-fr\/wp-json\/wp\/v2\/users\/2"}],"replies":[{"embeddable":true,"href":"https:\/\/www.europesays.com\/ch-fr\/wp-json\/wp\/v2\/comments?post=286244"}],"version-history":[{"count":0,"href":"https:\/\/www.europesays.com\/ch-fr\/wp-json\/wp\/v2\/posts\/286244\/revisions"}],"wp:featuredmedia":[{"embeddable":true,"href":"https:\/\/www.europesays.com\/ch-fr\/wp-json\/wp\/v2\/media\/286245"}],"wp:attachment":[{"href":"https:\/\/www.europesays.com\/ch-fr\/wp-json\/wp\/v2\/media?parent=286244"}],"wp:term":[{"taxonomy":"category","embeddable":true,"href":"https:\/\/www.europesays.com\/ch-fr\/wp-json\/wp\/v2\/categories?post=286244"},{"taxonomy":"post_tag","embeddable":true,"href":"https:\/\/www.europesays.com\/ch-fr\/wp-json\/wp\/v2\/tags?post=286244"}],"curies":[{"name":"wp","href":"https:\/\/api.w.org\/{rel}","templated":true}]}}