{"id":286292,"date":"2026-09-01T15:32:23","date_gmt":"2026-09-01T15:32:23","guid":{"rendered":"https:\/\/www.europesays.com\/ch-fr\/286292\/"},"modified":"2026-09-01T15:32:23","modified_gmt":"2026-09-01T15:32:23","slug":"larboretum-daubonne-ferme-apres-dimportants-degats-dorage","status":"publish","type":"post","link":"https:\/\/www.europesays.com\/ch-fr\/286292\/","title":{"rendered":"L&rsquo;Arboretum d&rsquo;Aubonne ferme apr\u00e8s d&rsquo;importants d\u00e9g\u00e2ts d&rsquo;orage"},"content":{"rendered":"<p>Un violent orage a frapp\u00e9 le vallon d&rsquo;Aubonne vendredi dernier, causant des dommages importants \u00e0 l&rsquo;Arboretum. Plusieurs arbres ont \u00e9t\u00e9 d\u00e9racin\u00e9s ou cass\u00e9s, entra\u00eenant la fermeture temporaire du site pour des raisons de s\u00e9curit\u00e9.<\/p>\n<p>C&rsquo;est la premi\u00e8re fois que l&rsquo;Arboretum est touch\u00e9 par un ph\u00e9nom\u00e8ne de cette ampleur: des vents d\u00e9passant les 100 km\/h ont balay\u00e9 le vallon d&rsquo;Aubonne vendredi dernier.<\/p>\n<p>Un quart du jardin botanique a \u00e9t\u00e9 touch\u00e9, affectant quelques dizaines d&rsquo;arbres. Parmi les essences impact\u00e9es, \u00ab\u00a0trois ou quatre \u00e9rables originaires d&rsquo;Am\u00e9rique du Nord ont \u00e9t\u00e9 d\u00e9racin\u00e9s, d&rsquo;autres ont \u00e9t\u00e9 cass\u00e9s, parfois par l&rsquo;effondrement de leurs voisins. Nous devons maintenant proc\u00e9der \u00e0 des d\u00e9coupes pour s\u00e9curiser les lieux\u00a0\u00bb, explique dans le 12h45 Pascal Sigg, directeur de l\u2019Arboretum.<\/p>\n<p> <img decoding=\"async\" src=\"https:\/\/www.europesays.com\/ch-fr\/wp-content\/uploads\/2026\/09\/88dbb0e7-29344485.image.png\" alt=\"Un arbre de l'Arboretum d\u00e9racin\u00e9 par la temp\u00eate.\" title=\"Un arbre de l'Arboretum d\u00e9racin\u00e9 par la temp\u00eate.\" loading=\"lazy\"\/>  Un arbre de l&rsquo;Arboretum d\u00e9racin\u00e9 par la temp\u00eate. <\/p>\n<p>Depuis vendredi, six personnes ont \u00e9t\u00e9 mobilis\u00e9es en renfort pour d\u00e9blayer et s\u00e9curiser la zone. Des branches risquent en effet de tomber \u00ab\u00a0\u00e0 tout moment\u00a0\u00bb sur les sentiers: \u00ab\u00a0il n&rsquo;y a pas besoin d&rsquo;avoir un \u00e9norme tronc qui nous tombe sur la t\u00eate pour \u00eatre s\u00e9rieusement bless\u00e9\u00a0\u00bb, pr\u00e9cise encore le responsable.<\/p>\n<p>Pour \u00e9viter tout accident, l&rsquo;Aboretum a \u00e9t\u00e9 interdit au public: \u00ab\u00a0Nous avons ferm\u00e9 des secteurs pour prot\u00e9ger les visiteurs. Un dimanche apr\u00e8s-midi, il y a beaucoup de familles qui viennent pique-niquer\u00a0\u00bb.<\/p>\n<p>Des dizaines de milliers de francs de d\u00e9g\u00e2ts<\/p>\n<p>Les dommages sont difficiles \u00e0 chiffrer, mais devraient s\u2019\u00e9lever \u00e0 plusieurs dizaines de milliers de francs. Parmi les arbres endommag\u00e9s, un noyer embl\u00e9matique a particuli\u00e8rement marqu\u00e9 les \u00e9quipes. \u00ab\u00a0On avait la gorge nou\u00e9e quand on l&rsquo;a d\u00e9couvert.\u00a0\u00bb<\/p>\n<p>L&rsquo;Arboretum esp\u00e8re rouvrir ses portes au public d\u00e8s mercredi.<\/p>\n<p class=\"sources\">Sujet TV: Lara Diserens<\/p>\n<p class=\"credit\">Adaptation web: lan<\/p>\n","protected":false},"excerpt":{"rendered":"Un violent orage a frapp\u00e9 le vallon d&rsquo;Aubonne vendredi dernier, causant des dommages importants \u00e0 l&rsquo;Arboretum. Plusieurs arbres&hellip;\n","protected":false},"author":2,"featured_media":286293,"comment_status":"","ping_status":"","sticky":false,"template":"","format":"standard","meta":{"footnotes":"","_share_on_mastodon":"0"},"categories":[4],"tags":[22,62148,1064,62149,2889,2149,5945,1835,1501,355,2203,347,668,21,42926,62150,226,23,5029,325,351,1644],"class_list":["post-286292","post","type-post","status-publish","format-standard","has-post-thumbnail","category-actualites","tag-actualites","tag-arboretum","tag-arbre","tag-aubonne","tag-catastrophe-naturelle","tag-degat","tag-desastre-meteorologique","tag-desastres","tag-desastres-et-accidents","tag-environnement","tag-lieu-de-loisirs","tag-loisirs","tag-meteo","tag-news","tag-orage","tag-parc-et-aire-de-jeux","tag-securite","tag-suisse","tag-tempete","tag-vaud","tag-vie-quotidienne-et-loisirs","tag-violence"],"share_on_mastodon":{"url":"https:\/\/pubeurope.com\/@ch_fr\/117196511727472656","error":""},"_links":{"self":[{"href":"https:\/\/www.europesays.com\/ch-fr\/wp-json\/wp\/v2\/posts\/286292","targetHints":{"allow":["GET"]}}],"collection":[{"href":"https:\/\/www.europesays.com\/ch-fr\/wp-json\/wp\/v2\/posts"}],"about":[{"href":"https:\/\/www.europesays.com\/ch-fr\/wp-json\/wp\/v2\/types\/post"}],"author":[{"embeddable":true,"href":"https:\/\/www.europesays.com\/ch-fr\/wp-json\/wp\/v2\/users\/2"}],"replies":[{"embeddable":true,"href":"https:\/\/www.europesays.com\/ch-fr\/wp-json\/wp\/v2\/comments?post=286292"}],"version-history":[{"count":0,"href":"https:\/\/www.europesays.com\/ch-fr\/wp-json\/wp\/v2\/posts\/286292\/revisions"}],"wp:featuredmedia":[{"embeddable":true,"href":"https:\/\/www.europesays.com\/ch-fr\/wp-json\/wp\/v2\/media\/286293"}],"wp:attachment":[{"href":"https:\/\/www.europesays.com\/ch-fr\/wp-json\/wp\/v2\/media?parent=286292"}],"wp:term":[{"taxonomy":"category","embeddable":true,"href":"https:\/\/www.europesays.com\/ch-fr\/wp-json\/wp\/v2\/categories?post=286292"},{"taxonomy":"post_tag","embeddable":true,"href":"https:\/\/www.europesays.com\/ch-fr\/wp-json\/wp\/v2\/tags?post=286292"}],"curies":[{"name":"wp","href":"https:\/\/api.w.org\/{rel}","templated":true}]}}