{"id":286332,"date":"2026-09-01T16:03:07","date_gmt":"2026-09-01T16:03:07","guid":{"rendered":"https:\/\/www.europesays.com\/ch-fr\/286332\/"},"modified":"2026-09-01T16:03:07","modified_gmt":"2026-09-01T16:03:07","slug":"tour-despagne-2026-bastien-tronchon-remporte-la-10e-etape","status":"publish","type":"post","link":"https:\/\/www.europesays.com\/ch-fr\/286332\/","title":{"rendered":"Tour d&rsquo;Espagne 2026 : Bastien Tronchon remporte la 10e \u00e9tape"},"content":{"rendered":"<p>Bastien Tronchon a remport\u00e9 la 10e \u00e9tape du Tour d&rsquo;Espagne entre Alcaraz et Elche de la Sierra sur 184 km. Le Fran\u00e7ais de Groupama FDJ a \u00e9t\u00e9 le plus fort au sprint.<\/p>\n<p>On attendait Wout van Aert gros comme une maison et c&rsquo;est finalement le surprenant Fran\u00e7ais Bastien Tronchon qui a lev\u00e9 les bras. Enfin le coureur de Chamb\u00e9ry a mis sa main sur son casque d\u00e8s la ligne franchie l&rsquo;air de dire qu&rsquo;il ne comprenait pas ce qui venait de lui arriver. Car pour le cycliste tricolore, il s&rsquo;agit de la plus belle victoire de sa carri\u00e8re \u00e0 24 ans. En pleurs, Tronchon a mis quelques minutes \u00e0 reprendre ses esprits.<\/p>\n<p>Avec une l\u00e9g\u00e8re pente dans les trois derniers kilom\u00e8tres, mais un faux-plat descendant sur les 200 derniers m\u00e8tres, van Aert avait tout pour bien faire. Sauf que les autres formations ont tent\u00e9 de faire d\u00e9railler la Visma. L&rsquo;\u00e9quipe suisse Q36.5 a failli r\u00e9ussir avec Walter Calzoni, puis Xabier Mikel Azparren. Au final, van Aert termine 4e derri\u00e8re Tronchon, Magnus Cort et Thibau Nys. Enric Mas conserve le maillot rouge de leader<\/p>\n<p>A noter aussi les 140km d&rsquo;\u00e9chapp\u00e9e de l&rsquo;Argovien Fabian Weiss.\u00a0Mercredi, le peloton aura droit \u00e0 une \u00e9tape de 153 km entre Cartagena et Lorca. L&rsquo;Alto de Aledo (3e cat\u00e9gorie) \u00e0 30 km de l&rsquo;arriv\u00e9e va-t-il faire mal aux sprinteurs? C&rsquo;est la grande question.<\/p>\n<p class=\"sources\">afp\/bur<\/p>\n","protected":false},"excerpt":{"rendered":"Bastien Tronchon a remport\u00e9 la 10e \u00e9tape du Tour d&rsquo;Espagne entre Alcaraz et Elche de la Sierra sur&hellip;\n","protected":false},"author":2,"featured_media":286333,"comment_status":"","ping_status":"","sticky":false,"template":"","format":"standard","meta":{"footnotes":"","_share_on_mastodon":"0"},"categories":[8],"tags":[35319,19736,62162,62163,1105,13622,33754,1107,1701,35321,21637,62164,466,186,75,23,62165,31396,2085,34762,57529,18702],"class_list":["post-286332","post","type-post","status-publish","format-standard","has-post-thumbnail","category-sports","tag-10e-etape","tag-alcaraz","tag-bastien-tronchon","tag-cordillere","tag-cyclisme","tag-cyclisme-sur-route","tag-elche","tag-etape","tag-francais","tag-groupama-fdj-united","tag-lidl-trek","tag-magnus-cort","tag-rts-sport","tag-sport","tag-sports","tag-suisse","tag-thibau-nys","tag-tour-despagne","tag-tout-le-sport","tag-uno-x-mobility","tag-world-tour-vuelta","tag-wout-van-aert"],"share_on_mastodon":{"url":"https:\/\/pubeurope.com\/@ch_fr\/117196633316032281","error":""},"_links":{"self":[{"href":"https:\/\/www.europesays.com\/ch-fr\/wp-json\/wp\/v2\/posts\/286332","targetHints":{"allow":["GET"]}}],"collection":[{"href":"https:\/\/www.europesays.com\/ch-fr\/wp-json\/wp\/v2\/posts"}],"about":[{"href":"https:\/\/www.europesays.com\/ch-fr\/wp-json\/wp\/v2\/types\/post"}],"author":[{"embeddable":true,"href":"https:\/\/www.europesays.com\/ch-fr\/wp-json\/wp\/v2\/users\/2"}],"replies":[{"embeddable":true,"href":"https:\/\/www.europesays.com\/ch-fr\/wp-json\/wp\/v2\/comments?post=286332"}],"version-history":[{"count":0,"href":"https:\/\/www.europesays.com\/ch-fr\/wp-json\/wp\/v2\/posts\/286332\/revisions"}],"wp:featuredmedia":[{"embeddable":true,"href":"https:\/\/www.europesays.com\/ch-fr\/wp-json\/wp\/v2\/media\/286333"}],"wp:attachment":[{"href":"https:\/\/www.europesays.com\/ch-fr\/wp-json\/wp\/v2\/media?parent=286332"}],"wp:term":[{"taxonomy":"category","embeddable":true,"href":"https:\/\/www.europesays.com\/ch-fr\/wp-json\/wp\/v2\/categories?post=286332"},{"taxonomy":"post_tag","embeddable":true,"href":"https:\/\/www.europesays.com\/ch-fr\/wp-json\/wp\/v2\/tags?post=286332"}],"curies":[{"name":"wp","href":"https:\/\/api.w.org\/{rel}","templated":true}]}}