{"id":286380,"date":"2026-09-01T16:37:07","date_gmt":"2026-09-01T16:37:07","guid":{"rendered":"https:\/\/www.europesays.com\/ch-fr\/286380\/"},"modified":"2026-09-01T16:37:07","modified_gmt":"2026-09-01T16:37:07","slug":"ombeline-desjonqueres-raconte-lenfer-des-etudes-de-medecine","status":"publish","type":"post","link":"https:\/\/www.europesays.com\/ch-fr\/286380\/","title":{"rendered":"Ombeline Desjonqu\u00e8res raconte l&rsquo;enfer des \u00e9tudes de m\u00e9decine"},"content":{"rendered":"<p>Non contente d&rsquo;avoir surv\u00e9cu \u00e0 ses \u00e9tudes de m\u00e9decine, Ombeline Desjonqu\u00e8res les a aussi racont\u00e9es dans un roman percutant. &lsquo;L&rsquo;odeur du d\u00e9sinfectant&rsquo; d\u00e9peint l&rsquo;atmosph\u00e8re des amphith\u00e9\u00e2tres bond\u00e9s, les gardes interminables, les soir\u00e9es alcoolis\u00e9es, les moments de gr\u00e2ce et la d\u00e9shumanisation d&rsquo;un syst\u00e8me.<\/p>\n<p>\u00ab\u00a0Mon meilleur souvenir de m\u00e9decine? L&rsquo;atmosph\u00e8re g\u00e9n\u00e9rale de d\u00e9tresse\u00a0\u00bb, confie Ombeline Desjonqu\u00e8res en pr\u00e9ambule de son r\u00e9cit intitul\u00e9 &lsquo;L&rsquo;odeur du d\u00e9sinfectant&rsquo;.\u00a0Des quelque 1600 candidats pr\u00e9sents sur la ligne de d\u00e9part, il n&rsquo;en restera que 200. Qu&rsquo;importe. Depuis toute petite, Ombeline Desjonqu\u00e8res r\u00eave d&rsquo;\u00eatre m\u00e9decin. A 17 ans, apr\u00e8s une brillante scolarit\u00e9, la jeune fille entame ses \u00e9tudes de m\u00e9decine avec confiance \u00e0 Clermont-Ferrand. Et \u00e7a commence dans un amphith\u00e9\u00e2tre rempli \u00e0 ras bord, dans lequel il faut faire sa place, puis enquiller des heures de cours, r\u00e9viser neuf heures par jour avant de passer les premiers examens.<\/p>\n<p>Un syst\u00e8me qui broie<\/p>\n<p>Si la deuxi\u00e8me ann\u00e9e ouvre les portes de l&rsquo;h\u00f4pital, les choses ne s&rsquo;am\u00e9liorent pas pour autant pour Ombeline. A chaque stage pratique, il faut observer les patients, le personnel, tenter de d\u00e9crypter les maux de chacun, tout en se faisant une place dans un syst\u00e8me codifi\u00e9 et tendu.<\/p>\n<p class=\"q-text\">&lsquo;Ma pauvre, si tu veux \u00eatre en bonne sant\u00e9, tu as mal choisi tes \u00e9tudes&rsquo;. \u00bb Pourquoi n&rsquo;y avait-il que moi que cette phrase mettait en col\u00e8re? Pourquoi ma sant\u00e9 valait-elle moins que celle du patient que j&rsquo;auscultais?\u00a0<\/p>\n<p>  Extrait du roman &lsquo;L&rsquo;odeur du d\u00e9sinfectant&rsquo; d\u2019Ombeline Desjonqu\u00e8res <\/p>\n<p>Heureusement qu&rsquo;Ombeline et ses camarades peuvent compter sur les fameuses OB. Les soir\u00e9es open-bar des \u00e9tudiants en m\u00e9decine servent \u00e0 d\u00e9compresser, \u00e0 lib\u00e9rer les corps et les esprits, en ingurgitant le plus d&rsquo;alcool et le plus de fluides corporels externes possible.<\/p>\n<p>Amour des gens<\/p>\n<p>En lisant &lsquo;L&rsquo;odeur du d\u00e9sinfectant&rsquo;, on se dit que, finalement, notre propre formation n&rsquo;a jamais atteint ces sommets de difficult\u00e9. A travers ses stages, Ombeline d\u00e9couvre la peau fine des vieillards, le c\u00f4t\u00e9 cow-boy des orthop\u00e9distes, les odeurs corporelles omnipr\u00e9sentes, la mis\u00e8re sociale, les m\u00e9decins qui inspirent, ceux qui m\u00e9prisent.<\/p>\n<p>Ombeline Desjonqu\u00e8res n&rsquo;a pas choisi m\u00e9decine pour op\u00e9rer \u00e0 c\u0153ur ouvert ou trouver des maladies exotiques. Ce qu&rsquo;elle pr\u00e9f\u00e8re, ce sont les consultations. Ecouter les gens, d\u00e9couvrir de quoi ils et elles souffrent, les rassurer. Le bon m\u00e9decin est capable de diplomatie et d&#8217;empathie. D&rsquo;ironie aussi, mais \u00e7a, c&rsquo;est plut\u00f4t une question de survie.<\/p>\n<p>Faire bouger les choses<\/p>\n<p>Il n&#8217;emp\u00eache. La vocation a beau \u00eatre l\u00e0, pratiquer la m\u00e9decine, de nos jours, rel\u00e8ve du sacerdoce, entre le manque de sommeil, la confrontation \u00e0 la souffrance d&rsquo;autrui, les effectifs r\u00e9duits.<\/p>\n<p class=\"q-text\">Au lieu de mettre l&rsquo;attention sur des connaissances th\u00e9oriques qu&rsquo;on pourra toujours apprendre plus tard, la m\u00e9decine pourrait d\u00e9velopper la relation au patient, la relation \u00e0 son propre corps et la gestion des \u00e9motions.<\/p>\n<p>  Ombeline Desjonqu\u00e8res dans l&rsquo;entretien QWERTZ <\/p>\n<p>Ombeline termine ses ann\u00e9es d&rsquo;externe consum\u00e9e par la fureur. Elle se questionne sur la pratique de la m\u00e9decine: doit-on forc\u00e9ment l&rsquo;exercer dans l&rsquo;inconfort et la souffrance? D&rsquo;autres voies sont-elles possibles? A ce titre,\u00a0&lsquo;L&rsquo;odeur du d\u00e9sinfectant&rsquo; est bien plus qu&rsquo;un r\u00e9cit d&rsquo;apprentissage intime. C&rsquo;est aussi un manifeste politique pour apprendre \u00e0 soigner sans d\u00e9tresse.<\/p>\n<p class=\"sources\">Sarah Cl\u00e9ment\/sf<\/p>\n<p class=\"article-footnote\">Ombeline Desjonqu\u00e8res, &lsquo;L\u2019odeur du d\u00e9sinfectant&rsquo;, \u00e9ditions De l&rsquo;Archipel, ao\u00fbt 2026.<\/p>\n<p class=\"article-footnote\">Vous aimez lire?\u00a0<a href=\"https:\/\/www.rts.ch\/info\/culture\/livres\/10829254-vous-aimez-les-livres-voici-qwertz.html\" data-id=\"10829254\" data-type=\"news\" data-item-id=\"richtext_link\" rel=\"nofollow noopener\" target=\"_blank\">Abonnez-vous \u00e0 QWERTZ<\/a>\u00a0et recevez chaque vendredi cette newsletter consacr\u00e9e \u00e0 l&rsquo;actualit\u00e9 du livre pr\u00e9par\u00e9e par RTS Culture.<\/p>\n","protected":false},"excerpt":{"rendered":"Non contente d&rsquo;avoir surv\u00e9cu \u00e0 ses \u00e9tudes de m\u00e9decine, Ombeline Desjonqu\u00e8res les a aussi racont\u00e9es dans un roman&hellip;\n","protected":false},"author":2,"featured_media":286381,"comment_status":"","ping_status":"","sticky":false,"template":"","format":"standard","meta":{"footnotes":"","_share_on_mastodon":"0"},"categories":[10],"tags":[380,1302,1156,113,112,102,1159,389,214,2823,1686,2538,26,84,296,23],"class_list":["post-286380","post","type-post","status-publish","format-standard","has-post-thumbnail","category-divertissement","tag-arts-et-divertissement","tag-atmosphere","tag-centre-de-soins","tag-divertissement","tag-entertainment","tag-etude","tag-hopitaux-et-cliniques","tag-litterature","tag-livres","tag-medecin","tag-medecine","tag-patient","tag-roman","tag-sante","tag-science-et-technologie","tag-suisse"],"share_on_mastodon":{"url":"https:\/\/pubeurope.com\/@ch_fr\/117196766994520900","error":""},"_links":{"self":[{"href":"https:\/\/www.europesays.com\/ch-fr\/wp-json\/wp\/v2\/posts\/286380","targetHints":{"allow":["GET"]}}],"collection":[{"href":"https:\/\/www.europesays.com\/ch-fr\/wp-json\/wp\/v2\/posts"}],"about":[{"href":"https:\/\/www.europesays.com\/ch-fr\/wp-json\/wp\/v2\/types\/post"}],"author":[{"embeddable":true,"href":"https:\/\/www.europesays.com\/ch-fr\/wp-json\/wp\/v2\/users\/2"}],"replies":[{"embeddable":true,"href":"https:\/\/www.europesays.com\/ch-fr\/wp-json\/wp\/v2\/comments?post=286380"}],"version-history":[{"count":0,"href":"https:\/\/www.europesays.com\/ch-fr\/wp-json\/wp\/v2\/posts\/286380\/revisions"}],"wp:featuredmedia":[{"embeddable":true,"href":"https:\/\/www.europesays.com\/ch-fr\/wp-json\/wp\/v2\/media\/286381"}],"wp:attachment":[{"href":"https:\/\/www.europesays.com\/ch-fr\/wp-json\/wp\/v2\/media?parent=286380"}],"wp:term":[{"taxonomy":"category","embeddable":true,"href":"https:\/\/www.europesays.com\/ch-fr\/wp-json\/wp\/v2\/categories?post=286380"},{"taxonomy":"post_tag","embeddable":true,"href":"https:\/\/www.europesays.com\/ch-fr\/wp-json\/wp\/v2\/tags?post=286380"}],"curies":[{"name":"wp","href":"https:\/\/api.w.org\/{rel}","templated":true}]}}