{"id":286412,"date":"2026-09-01T16:56:14","date_gmt":"2026-09-01T16:56:14","guid":{"rendered":"https:\/\/www.europesays.com\/ch-fr\/286412\/"},"modified":"2026-09-01T16:56:14","modified_gmt":"2026-09-01T16:56:14","slug":"paludisme-daeroport-roissy-est-le-site-le-plus-risque-en-europe-faut-il-sinquieter","status":"publish","type":"post","link":"https:\/\/www.europesays.com\/ch-fr\/286412\/","title":{"rendered":"Paludisme d\u2019a\u00e9roport\u00a0: Roissy\u00a0est le site le plus risqu\u00e9 en Europe, faut-il s\u2019inqui\u00e9ter\u00a0?"},"content":{"rendered":"<p>Six employ\u00e9s de l\u2019a\u00e9roport de Francfort (<a href=\"https:\/\/www.20minutes.fr\/dossier\/allemagne\" class=\"c-link c-link--is-underlined\" rel=\"nofollow noopener\" target=\"_blank\">Allemagne<\/a>) ont contract\u00e9 le paludisme entre le 4 et le 6\u00a0juillet. Deux d\u2019entre eux sont par la suite d\u00e9c\u00e9d\u00e9s de la maladie. Cette <a href=\"https:\/\/www.20minutes.fr\/dossier\/epidemie\" class=\"c-link c-link--is-underlined\" rel=\"nofollow noopener\" target=\"_blank\">\u00e9pid\u00e9mie<\/a> remet en lumi\u00e8re le ph\u00e9nom\u00e8ne du \u00ab\u00a0paludisme d\u2019a\u00e9roport\u00a0\u00bb, impliquant des moustiques infect\u00e9s ayant voyag\u00e9 par avion. Deux \u00e9tudes ont d\u00e9j\u00e0 fait \u00e9tat de nombreux cas recens\u00e9s en France depuis\u00a01969, avec une augmentation ces derni\u00e8res ann\u00e9es, rapporte <a href=\"https:\/\/www.lefigaro.fr\/voyages\/conseils\/un-moustique-peut-il-vraiment-prendre-l-avion-a-roissy-32-cas-de-paludisme-d-aeroport-ont-deja-ete-recenses-20260831\" rel=\"nofollow noopener\" target=\"_blank\" class=\"c-link c-link--is-underlined\">Le Figaro<\/a>\u00a0cette semaine.<\/p>\n<p><a href=\"https:\/\/www.20minutes.fr\/dossier\/paludisme\" class=\"c-link c-link--is-underlined\" rel=\"nofollow noopener\" target=\"_blank\">Le paludisme<\/a>, ou malaria, est une pathologie infectieuse provoqu\u00e9e par un parasite qui est transmis \u00e0 l\u2019homme par des piq\u00fbres de <a href=\"https:\/\/www.20minutes.fr\/dossier\/moustique\" class=\"c-link c-link--is-underlined\" rel=\"nofollow noopener\" target=\"_blank\">moustiques<\/a> femelles du genre Anopheles. Ces insectes sont le principal vecteur de cette maladie, indique <a href=\"https:\/\/www.futura-sciences.com\/sante\/actualites\/paludisme-peut-on-attraper-paludisme-europe-voyager-ces-six-cas-deux-deces-montrent-oui-137403\/\" rel=\"nofollow noopener\" target=\"_blank\" class=\"c-link c-link--is-underlined\">Futura<\/a>. Or, ils sont susceptibles de\u00a0survivre \u00e0 un vol long-courrier en cabine, en soute ou dans un bagage. <a href=\"https:\/\/www.20minutes.fr\/dossier\/oms\" class=\"c-link c-link--is-underlined\" rel=\"nofollow noopener\" target=\"_blank\">L\u2019OMS<\/a> recommande d\u2019ailleurs la d\u00e9sinsectisation des avions en provenance de zones impalud\u00e9es. Le ph\u00e9nom\u00e8ne avait \u00e9t\u00e9 \u00e9tudi\u00e9 pour la France dans une \u00e9tude publi\u00e9e en octobre\u00a02024 dans <a href=\"https:\/\/www.eurosurveillance.org\/content\/10.2807\/1560-7917.ES.2024.29.41.2400237\" rel=\"nofollow noopener\" target=\"_blank\" class=\"c-link c-link--is-underlined\">la revue scientifique Eurosurveillance<\/a>.<\/p>\n<p>Partout en France<\/p>\n<p>Ses auteurs avaient recens\u00e9 145 cas de \u00ab\u00a0paludisme d\u2019<a href=\"https:\/\/www.20minutes.fr\/dossier\/aeroport\" class=\"c-link c-link--is-underlined\" rel=\"nofollow noopener\" target=\"_blank\">a\u00e9roport<\/a> ou des bagages\u00a0\u00bb entre\u00a01969 et\u00a02024 dans neuf pays europ\u00e9ens, dont 105 diagnostics de paludisme d\u2019a\u00e9roport exclusivement. La France repr\u00e9sentait pr\u00e8s de\u00a0la moiti\u00e9 de ces cas. Un total de 32 a \u00e9t\u00e9 d\u00e9tect\u00e9 \u00e0 <a href=\"https:\/\/www.20minutes.fr\/dossier\/aeroport_roissy_charles_de_gaulle\" class=\"c-link c-link--is-underlined\" rel=\"nofollow noopener\" target=\"_blank\">Roissy<\/a>, mais aussi trois <a href=\"https:\/\/www.20minutes.fr\/dossier\/orly\" class=\"c-link c-link--is-underlined\" rel=\"nofollow noopener\" target=\"_blank\">\u00e0 Orly<\/a> et au Bourget, deux \u00e0 Marseille et Toulouse, et un \u00e0 Nice. Des constatations qui sont \u00e0 mettre en parall\u00e8le avec d\u2019autres travaux scientifiques, pr\u00e9sents dans le m\u00eame num\u00e9ro d\u2019<a href=\"https:\/\/www.eurosurveillance.org\/content\/10.2807\/1560-7917.ES.2024.29.41.2400133\" rel=\"nofollow noopener\" target=\"_blank\" class=\"c-link c-link--is-underlined\">Eurosurveillance<\/a> et relay\u00e9s par <a href=\"https:\/\/www.science-et-vie.com\/nature-et-environnement\/un-moustique-peut-il-vraiment-survivre-a-un-vol-long-courrier-ce-que-revele-lepidemie-de-paludisme-a-francfort-256979.html\" rel=\"nofollow noopener\" target=\"_blank\" class=\"c-link c-link--is-underlined\">Science &amp; Vie<\/a>.<\/p>\n<p>Ils font\u00a0\u00e9tat de 51 cas de paludisme odyss\u00e9en en France entre\u00a01995 et\u00a02022. <a href=\"https:\/\/www.20minutes.fr\/dossier\/chercheurs\" class=\"c-link c-link--is-underlined\" rel=\"nofollow noopener\" target=\"_blank\">Les chercheurs<\/a> ont not\u00e9 une augmentation de ce ph\u00e9nom\u00e8ne depuis\u00a02011 ainsi qu\u2019une recrudescence\u00a0entre juin et septembre, avec un pic en ao\u00fbt.\u00a0L\u2019autre \u00e9tude conclut que l\u2019a\u00e9roport de Roissy est le plus \u00e0 risque <a href=\"https:\/\/www.20minutes.fr\/dossier\/europe\" class=\"c-link c-link--is-underlined\" rel=\"nofollow noopener\" target=\"_blank\">en Europe<\/a> car il re\u00e7oit le plus de vols directs en provenance de pays o\u00f9 le paludisme est end\u00e9mique.<\/p>\n","protected":false},"excerpt":{"rendered":"Six employ\u00e9s de l\u2019a\u00e9roport de Francfort (Allemagne) ont contract\u00e9 le paludisme entre le 4 et le 6\u00a0juillet. Deux&hellip;\n","protected":false},"author":2,"featured_media":286413,"comment_status":"","ping_status":"","sticky":false,"template":"","format":"standard","meta":{"footnotes":"","_share_on_mastodon":"0"},"categories":[9],"tags":[376,2129,2108,102,83,1726,12276,20047,84,59,23],"class_list":["post-286412","post","type-post","status-publish","format-standard","has-post-thumbnail","category-sante","tag-actualite","tag-aeroport","tag-epidemie","tag-etude","tag-health","tag-maladie","tag-moustique","tag-paludisme","tag-sante","tag-sciences","tag-suisse"],"share_on_mastodon":{"url":"https:\/\/pubeurope.com\/@ch_fr\/117196841617649751","error":""},"_links":{"self":[{"href":"https:\/\/www.europesays.com\/ch-fr\/wp-json\/wp\/v2\/posts\/286412","targetHints":{"allow":["GET"]}}],"collection":[{"href":"https:\/\/www.europesays.com\/ch-fr\/wp-json\/wp\/v2\/posts"}],"about":[{"href":"https:\/\/www.europesays.com\/ch-fr\/wp-json\/wp\/v2\/types\/post"}],"author":[{"embeddable":true,"href":"https:\/\/www.europesays.com\/ch-fr\/wp-json\/wp\/v2\/users\/2"}],"replies":[{"embeddable":true,"href":"https:\/\/www.europesays.com\/ch-fr\/wp-json\/wp\/v2\/comments?post=286412"}],"version-history":[{"count":0,"href":"https:\/\/www.europesays.com\/ch-fr\/wp-json\/wp\/v2\/posts\/286412\/revisions"}],"wp:featuredmedia":[{"embeddable":true,"href":"https:\/\/www.europesays.com\/ch-fr\/wp-json\/wp\/v2\/media\/286413"}],"wp:attachment":[{"href":"https:\/\/www.europesays.com\/ch-fr\/wp-json\/wp\/v2\/media?parent=286412"}],"wp:term":[{"taxonomy":"category","embeddable":true,"href":"https:\/\/www.europesays.com\/ch-fr\/wp-json\/wp\/v2\/categories?post=286412"},{"taxonomy":"post_tag","embeddable":true,"href":"https:\/\/www.europesays.com\/ch-fr\/wp-json\/wp\/v2\/tags?post=286412"}],"curies":[{"name":"wp","href":"https:\/\/api.w.org\/{rel}","templated":true}]}}