{"id":286452,"date":"2026-09-01T17:28:14","date_gmt":"2026-09-01T17:28:14","guid":{"rendered":"https:\/\/www.europesays.com\/ch-fr\/286452\/"},"modified":"2026-09-01T17:28:14","modified_gmt":"2026-09-01T17:28:14","slug":"zoo-de-zurich-de-grands-projets-damenagement-pour-2050","status":"publish","type":"post","link":"https:\/\/www.europesays.com\/ch-fr\/286452\/","title":{"rendered":"Zoo de Zurich : de grands projets d&rsquo;am\u00e9nagement pour 2050"},"content":{"rendered":"<p>For\u00eats pour les grands singes, voli\u00e8re g\u00e9ante en milieu mar\u00e9cageux, c\u00f4te maritime pour les pingouins, le zoo de Zurich pr\u00e9sente en d\u00e9tail les \u00e9normes espaces de vie qu&rsquo;il projette d&rsquo;ici \u00e0 2050. Un nouveau plan d&rsquo;am\u00e9nagement, mis en consultation, encadre ses plans.<\/p>\n<p>Il y a cinq ans, le zoo de Zurich avait lev\u00e9 le voile sur ses intentions \u00e0 long terme: transformer ses installations en onze espaces de vie animale \u00e0 visiter de l&rsquo;int\u00e9rieur. Leur tridimensionnalit\u00e9 doit permettre de fixer de nouveaux standards plus g\u00e9n\u00e9reux en mati\u00e8re de d\u00e9tention d&rsquo;animaux en milieu zoologique.<\/p>\n<p>&gt;&gt; Relire\u00a0: <a href=\"https:\/\/www.rts.ch\/info\/regions\/autres-cantons\/12495033-le-zoo-de-zurich-promet-de-grandes-transformations-pour-2050.html\" data-item-id=\"richtext_link\" rel=\"nofollow noopener\" target=\"_blank\">Le zoo de Zurich promet de grandes transformations pour 2050<\/a><\/p>\n<p>Mardi, le zoo et les autorit\u00e9s cantonales ont lanc\u00e9, devant les m\u00e9dias, la mise en consultation du nouveau plan directeur qui encadrera ces projets. Le parc zoologique a saisi cette occasion pour pr\u00e9senter davantage de d\u00e9tails sur ses plans et mettre \u00e0 jour leur calendrier.<\/p>\n<p>Contenu externe<\/p>\n<p> Ce contenu externe ne peut pas \u00eatre affich\u00e9 car il est susceptible de collecter des donn\u00e9es personnelles. Pour voir ce contenu vous devez autoriser la cat\u00e9gorie R\u00e9seaux sociaux. <\/p>\n<p> Accepter Plus d&rsquo;info <\/p>\n<p>    Arbres g\u00e9ants<\/p>\n<p>Apr\u00e8s l&rsquo;espace sudam\u00e9ricain Pantanal en 2012, la savane Lewa en 2020 et la grande installation Panthera pour les f\u00e9lins en 2025, le zoo de Zurich pr\u00e9voit d&rsquo;ouvrir en 2031 la \u00ab\u00a0For\u00eat de Ndoki\u00a0\u00bb. Ce territoire de 29&rsquo;000m2 comprendra une centaine d&rsquo;arbres g\u00e9ants d&rsquo;au moins 25 m\u00e8tres de haut \u2013 une premi\u00e8re mondiale dans un zoo \u2013 et des mar\u00e9cages. Il sera subdivis\u00e9 en plusieurs zones, occup\u00e9es alternativement par les gorilles, les drills, les okapis et les hippopotames.<\/p>\n<p>Le public parcourra la for\u00eat \u00e0 diff\u00e9rents niveaux, sur des passerelles notamment, de la cime des arbres au paysage mar\u00e9cageux. Cet espace s&rsquo;inspire du Parc national congolais de Nouabal\u00e9-Ndoki. Le d\u00e9but des travaux est pr\u00e9vu pour 2028. Actuellement, des vari\u00e9t\u00e9s exotiques d&rsquo;arbres tropicaux commencent \u00e0 pousser dans la partie sup\u00e9rieure du zoo.<\/p>\n<p>For\u00eat tropicale inspir\u00e9e de Sumatra<\/p>\n<p>Une for\u00eat tropicale de 30&rsquo;000m2, inspir\u00e9e de celle de Sumatra et destin\u00e9e aux orangs-outans, gibbons, tapirs et d&rsquo;autres esp\u00e8ces menac\u00e9es dans cette r\u00e9gion du monde, est pr\u00e9vue \u00e0 plus long terme. Ce projet pr\u00e9voit un gigantesque espace int\u00e9rieur vitr\u00e9 d&rsquo;hiver, culminant \u00e0 55 m\u00e8tres, comprenant des arbres g\u00e9ants de 50 m\u00e8tres.<\/p>\n<p>Le Pantanal est, lui, en cours de transformation. Cette zone humide de 11&rsquo;000m2, inspir\u00e9e de la r\u00e9gion sud-am\u00e9ricaine \u00e9ponyme, doit \u00eatre surmont\u00e9e ces prochaines ann\u00e9es d&rsquo;une voli\u00e8re g\u00e9ante d&rsquo;une hauteur de 35 m\u00e8tres. Oiseaux d&rsquo;eau et aras hyacinthe \u2013 les plus grands perroquets du monde, eux aussi menac\u00e9s \u2013 y domineront dans les airs les flamants du Chili, les tamarins, les tapirs et les fourmiliers.<\/p>\n<p> <img decoding=\"async\" src=\"https:\/\/www.europesays.com\/ch-fr\/wp-content\/uploads\/2026\/09\/7e840d20-29344606.image.jpeg\" alt=\"Une sterne inca photographi\u00e9e dans la voli\u00e8re du zoo de Zurich, le 16 avril 2026 [\u00a9 KEYSTONE \/ CLAUDIO THOMA - CLAUDIO THOMA]\" title=\"Une sterne inca photographi\u00e9e dans la voli\u00e8re du zoo de Zurich, le 16 avril 2026 [\u00a9 KEYSTONE \/ CLAUDIO THOMA - CLAUDIO THOMA]\" loading=\"lazy\"\/>  Une sterne inca photographi\u00e9e dans la voli\u00e8re du zoo de Zurich, le 16 avril 2026. [\u00a9 KEYSTONE \/ CLAUDIO THOMA &#8211; CLAUDIO THOMA] <\/p>\n<p>Enfin, des centaines de pingouins vivront, un jour, en colonie dans un grand espace maritime. Ce paysage c\u00f4tier comprendra des rochers, des plages et de grands plans d&rsquo;eau. Les visiteurs pourront les observer notamment depuis un tunnel souterrain. Au final, les 27 hectares du zoo seront r\u00e9am\u00e9nag\u00e9s en onze espaces de vie animale.<\/p>\n<p>Parking sous-terrain<\/p>\n<p>Ces projets sont tous inscrits dans le nouveau plan d&rsquo;am\u00e9nagement cantonal mis en consultation. Leur compatibilit\u00e9 environnementale et urbanistique a \u00e9t\u00e9 v\u00e9rifi\u00e9e, souligne le ministre zurichois des infrastructures Martin Neukom (Vert-e-s).<\/p>\n<p>De plus, un espace vert est appel\u00e9 \u00e0 remplacer le parking du zoo, qui sera relog\u00e9 sous terre. La ligne de tram sera, elle, prolong\u00e9e jusqu&rsquo;\u00e0 l&rsquo;arriv\u00e9e des futures t\u00e9l\u00e9cabines en provenance du versant oppos\u00e9 de la colline.<\/p>\n<p class=\"sources\">lia avec ats<\/p>\n","protected":false},"excerpt":{"rendered":"For\u00eats pour les grands singes, voli\u00e8re g\u00e9ante en milieu mar\u00e9cageux, c\u00f4te maritime pour les pingouins, le zoo de&hellip;\n","protected":false},"author":2,"featured_media":286453,"comment_status":"","ping_status":"","sticky":false,"template":"","format":"standard","meta":{"footnotes":"","_share_on_mastodon":"0"},"categories":[16],"tags":[1899,1063,1064,516,1324,355,3701,2203,347,304,2204,25969,296,23,351,7690,32],"class_list":["post-286452","post","type-post","status-publish","format-standard","has-post-thumbnail","category-zurich","tag-animal","tag-animaux","tag-arbre","tag-autres-cantons","tag-durabilite","tag-environnement","tag-foret","tag-lieu-de-loisirs","tag-loisirs","tag-nature","tag-parc-zoologique","tag-premiere-mondiale","tag-science-et-technologie","tag-suisse","tag-vie-quotidienne-et-loisirs","tag-zoo-de-zurich","tag-zurich"],"share_on_mastodon":{"url":"https:\/\/pubeurope.com\/@ch_fr\/117196967766483022","error":""},"_links":{"self":[{"href":"https:\/\/www.europesays.com\/ch-fr\/wp-json\/wp\/v2\/posts\/286452","targetHints":{"allow":["GET"]}}],"collection":[{"href":"https:\/\/www.europesays.com\/ch-fr\/wp-json\/wp\/v2\/posts"}],"about":[{"href":"https:\/\/www.europesays.com\/ch-fr\/wp-json\/wp\/v2\/types\/post"}],"author":[{"embeddable":true,"href":"https:\/\/www.europesays.com\/ch-fr\/wp-json\/wp\/v2\/users\/2"}],"replies":[{"embeddable":true,"href":"https:\/\/www.europesays.com\/ch-fr\/wp-json\/wp\/v2\/comments?post=286452"}],"version-history":[{"count":0,"href":"https:\/\/www.europesays.com\/ch-fr\/wp-json\/wp\/v2\/posts\/286452\/revisions"}],"wp:featuredmedia":[{"embeddable":true,"href":"https:\/\/www.europesays.com\/ch-fr\/wp-json\/wp\/v2\/media\/286453"}],"wp:attachment":[{"href":"https:\/\/www.europesays.com\/ch-fr\/wp-json\/wp\/v2\/media?parent=286452"}],"wp:term":[{"taxonomy":"category","embeddable":true,"href":"https:\/\/www.europesays.com\/ch-fr\/wp-json\/wp\/v2\/categories?post=286452"},{"taxonomy":"post_tag","embeddable":true,"href":"https:\/\/www.europesays.com\/ch-fr\/wp-json\/wp\/v2\/tags?post=286452"}],"curies":[{"name":"wp","href":"https:\/\/api.w.org\/{rel}","templated":true}]}}