{"id":286528,"date":"2026-09-01T18:16:13","date_gmt":"2026-09-01T18:16:13","guid":{"rendered":"https:\/\/www.europesays.com\/ch-fr\/286528\/"},"modified":"2026-09-01T18:16:13","modified_gmt":"2026-09-01T18:16:13","slug":"elections-us-2026-le-vote-par-correspondance-menace-par-trump","status":"publish","type":"post","link":"https:\/\/www.europesays.com\/ch-fr\/286528\/","title":{"rendered":"\u00c9lections US 2026 : le vote par correspondance menac\u00e9 par Trump"},"content":{"rendered":"<p>Un nouveau syst\u00e8me mis en place par la Poste am\u00e9ricaine pour se conformer \u00e0 un d\u00e9cret de Donald Trump risque de voir des millions d&rsquo;Am\u00e9ricains priv\u00e9s de leur bulletin de vote par correspondance avant les \u00e9lections de mi-mandat, a averti mardi un lanceur d&rsquo;alerte.<\/p>\n<p>La r\u00e9forme, mise en \u0153uvre \u00ab\u00a0en secret et de mani\u00e8re pr\u00e9cipit\u00e9e\u00a0\u00bb selon le lanceur d&rsquo;alerte, vient \u00e9galement enfreindre une d\u00e9cision de justice ayant bloqu\u00e9 le d\u00e9cret, affirme le s\u00e9nateur d\u00e9mocrate Richard Blumenthal, qui a r\u00e9v\u00e9l\u00e9 cette mise en garde dans une lettre.<\/p>\n<p>&gt;&gt; Relire\u00a0: <a href=\"https:\/\/www.rts.ch\/info\/monde\/2025\/article\/donald-trump-signe-un-decret-pour-reformer-le-systeme-electoral-qu-il-juge-en-sa-defaveur-28833740.html\" data-item-id=\"richtext_link\" rel=\"nofollow noopener\" target=\"_blank\">Donald Trump signe un d\u00e9cret pour r\u00e9former le syst\u00e8me \u00e9lectoral qu&rsquo;il juge \u00ab\u00a0en sa d\u00e9faveur\u00a0\u00bb<\/a><\/p>\n<p>L&rsquo;avertissement provient d&rsquo;une personne \u00ab\u00a0ayant connaissance directe des probl\u00e8mes potentiellement catastrophiques\u00a0\u00bb du nouveau syst\u00e8me f\u00e9d\u00e9ral de vote par correspondance g\u00e9r\u00e9 par la Poste am\u00e9ricaine, l&rsquo;USPS, selon l&rsquo;association Whistblower Aid, qui prot\u00e8ge l&rsquo;anonymat du lanceur d&rsquo;alerte.<\/p>\n<p>La lettre du s\u00e9nateur d\u00e9mocrate Richard Blumenthal est elle adress\u00e9e au chef de l&rsquo;USPS, David Steiner, choisi par Donald Trump pour occuper ce poste depuis 2025, et lui demande des explications avant vendredi.<\/p>\n<p> &gt;&gt; Ecouter les pr\u00e9cisions de Michael Peuker dans Forum\u00a0:   <img decoding=\"async\" class=\"embed-responsive-item\" loading=\"lazy\" src=\"https:\/\/www.europesays.com\/ch-fr\/wp-content\/uploads\/2026\/09\/71443646-29344746.image.jpeg\" alt=\"A l\u2019approche des midterms, l\u2019administration Trump continue d\u2019entraver le vote par correspondance\"\/>    A l\u2019approche des midterms, l\u2019administration Trump continue d\u2019entraver le vote par correspondance \/ Forum \/ 4 min. \/ aujourd&rsquo;hui \u00e0 19:00 Syst\u00e8me b\u00e2cl\u00e9<\/p>\n<p>Les inqui\u00e9tudes sont centr\u00e9es autour des syst\u00e8mes informatiques d\u00e9velopp\u00e9s de mani\u00e8re \u00ab\u00a0b\u00e2cl\u00e9e et pr\u00e9cipit\u00e9e\u00a0\u00bb pour se conformer \u00e0 un d\u00e9cret de mars du pr\u00e9sident r\u00e9publicain, visant \u00e0 encadrer plus s\u00e9v\u00e8rement le vote par correspondance.<\/p>\n<p>Le d\u00e9cret ordonne aux services de l&rsquo;immigration et de la S\u00e9curit\u00e9 sociale de cr\u00e9er une liste f\u00e9d\u00e9rale des \u00e9lecteurs habilit\u00e9s \u00e0 voter, et \u00e0 la Poste de ne d\u00e9livrer des bulletins de vote par correspondance qu&rsquo;aux personnes figurant sur cette liste.<\/p>\n<p>\u00ab\u00a0Potentiellement, des millions d&rsquo;\u00e9lecteurs am\u00e9ricains pourraient ne pas recevoir \u2013 \u00e0 temps ou du tout \u2013 leur bulletin de vote par correspondance pour les prochaines \u00e9lections\u00a0\u00bb, met en garde le lanceur d&rsquo;alerte. Aux Etats-Unis, pr\u00e8s d&rsquo;un tiers des \u00e9lecteurs ont vot\u00e9 par correspondance en 2024, selon l&rsquo;organisation States United.<\/p>\n<p>D\u00e9cision d&rsquo;une juge<\/p>\n<p>Donald Trump d\u00e9nonce r\u00e9guli\u00e8rement cette modalit\u00e9 de vote, et y voit l&rsquo;une des raisons principales de sa d\u00e9faite de 2020 face au d\u00e9mocrate Joe Biden, qu&rsquo;il n&rsquo;a jamais reconnue. Son d\u00e9cret sign\u00e9 en mars est contest\u00e9 depuis en justice par de nombreux Etats am\u00e9ricains.<\/p>\n<p>Une juge f\u00e9d\u00e9rale avait ainsi de nouveau suspendu jeudi le texte, trois jours apr\u00e8s un feu vert provisoire de la Cour supr\u00eame.<\/p>\n<p>La juge a estim\u00e9 \u00ab\u00a0impossible en pratique\u00a0\u00bb pour les Etats de se conformer au texte \u00e0 temps pour les \u00e9lections de mi-mandat du 3 novembre, dans \u00e0 peine plus de deux mois.<\/p>\n<p class=\"sources\">ats\/asch<\/p>\n","protected":false},"excerpt":{"rendered":"Un nouveau syst\u00e8me mis en place par la Poste am\u00e9ricaine pour se conformer \u00e0 un d\u00e9cret de Donald&hellip;\n","protected":false},"author":2,"featured_media":286529,"comment_status":"","ping_status":"","sticky":false,"template":"","format":"standard","meta":{"footnotes":"","_share_on_mastodon":"0"},"categories":[5],"tags":[62188,1043,42723,223,1044,448,222,741,921,40,6297,39,62189,1048,421,14915,92,716,238,745,41,42],"class_list":["post-286528","post","type-post","status-publish","format-standard","has-post-thumbnail","category-international","tag-bulletin-de-vote","tag-chef-de-letat","tag-correspondance","tag-donald-trump","tag-electeur","tag-elections","tag-etats-unis","tag-gouvernement","tag-immigration","tag-international","tag-juge","tag-justice","tag-lanceur-dalerte","tag-midterms","tag-monde","tag-operation-de-vote","tag-politique","tag-reforme","tag-societe","tag-vote","tag-world","tag-world-news"],"share_on_mastodon":{"url":"https:\/\/pubeurope.com\/@ch_fr\/117197156633434478","error":""},"_links":{"self":[{"href":"https:\/\/www.europesays.com\/ch-fr\/wp-json\/wp\/v2\/posts\/286528","targetHints":{"allow":["GET"]}}],"collection":[{"href":"https:\/\/www.europesays.com\/ch-fr\/wp-json\/wp\/v2\/posts"}],"about":[{"href":"https:\/\/www.europesays.com\/ch-fr\/wp-json\/wp\/v2\/types\/post"}],"author":[{"embeddable":true,"href":"https:\/\/www.europesays.com\/ch-fr\/wp-json\/wp\/v2\/users\/2"}],"replies":[{"embeddable":true,"href":"https:\/\/www.europesays.com\/ch-fr\/wp-json\/wp\/v2\/comments?post=286528"}],"version-history":[{"count":0,"href":"https:\/\/www.europesays.com\/ch-fr\/wp-json\/wp\/v2\/posts\/286528\/revisions"}],"wp:featuredmedia":[{"embeddable":true,"href":"https:\/\/www.europesays.com\/ch-fr\/wp-json\/wp\/v2\/media\/286529"}],"wp:attachment":[{"href":"https:\/\/www.europesays.com\/ch-fr\/wp-json\/wp\/v2\/media?parent=286528"}],"wp:term":[{"taxonomy":"category","embeddable":true,"href":"https:\/\/www.europesays.com\/ch-fr\/wp-json\/wp\/v2\/categories?post=286528"},{"taxonomy":"post_tag","embeddable":true,"href":"https:\/\/www.europesays.com\/ch-fr\/wp-json\/wp\/v2\/tags?post=286528"}],"curies":[{"name":"wp","href":"https:\/\/api.w.org\/{rel}","templated":true}]}}