{"id":286584,"date":"2026-09-01T19:01:15","date_gmt":"2026-09-01T19:01:15","guid":{"rendered":"https:\/\/www.europesays.com\/ch-fr\/286584\/"},"modified":"2026-09-01T19:01:15","modified_gmt":"2026-09-01T19:01:15","slug":"on-connait-les-belges-qui-iront-a-la-biennale-darchitecture-de-venise","status":"publish","type":"post","link":"https:\/\/www.europesays.com\/ch-fr\/286584\/","title":{"rendered":"On conna\u00eet les Belges qui iront \u00e0 la Biennale d&rsquo;architecture de Venise"},"content":{"rendered":"<p>Au d\u00e9part d&rsquo;un paradoxe<\/p>\n<p class=\"ap-StoryElement ap-StoryElement--mb ap-StoryText\">Avec \u00ab\u00a0Domestiquer le bureau\u00a0\u00bb, l&rsquo;\u00e9quipe part d&rsquo;un paradoxe tr\u00e8s actuel : d&rsquo;un c\u00f4t\u00e9, des surfaces de bureaux inoccup\u00e9es ; de l&rsquo;autre, une pr\u00e9carit\u00e9 r\u00e9sidentielle croissante.<\/p>\n<p><a href=\"https:\/\/www.lalibre.be\/economie\/2026\/04\/29\/en-quelques-mois-le-taux-de-vacances-des-bureaux-a-double-a-louise-faut-il-salarmer-O64VKRMWSZBDJJDTXK2TLN6UJU\/\" target=\"_self\" class=\"ap-StoryInterstitialLink ap-StoryElement ap-StoryElement--mb\" rel=\"nofollow noopener\">Le taux de vacances des bureaux a doubl\u00e9 \u00e0 Louise : faut-il s&rsquo;alarmer ?<\/a><\/p>\n<p class=\"ap-StoryElement ap-StoryElement--mb ap-StoryText\">Si la transformation de bureaux en logements existe d\u00e9j\u00e0, les commissaires veulent pousser l&rsquo;exercice plus loin. Ils estiment que les reconversions d\u00e9bouchent encore trop souvent sur des logements conventionnels, sans exploiter pleinement les particularit\u00e9s de ces b\u00e2timents, et que la part de logements abordables y demeure faible.<\/p>\n<p><a href=\"https:\/\/www.lalibre.be\/economie\/immo\/2025\/02\/15\/transformation-de-bureaux-en-logements-au-moins-300-000-personnes-pourraient-etre-logees-T7JDUSEVVZATHAJPHWLVLZVV6I\/\" target=\"_self\" class=\"ap-StoryInterstitialLink ap-StoryElement ap-StoryElement--mb\" rel=\"nofollow noopener\">Transformation de bureaux en logements : au moins 300 000 personnes pourraient \u00eatre log\u00e9es<\/a><\/p>\n<p class=\"ap-StoryElement ap-StoryElement--mb ap-StoryText\">Le Pavillon belge deviendra donc lui-m\u00eame un laboratoire. Un environnement de bureau, reconstitu\u00e9 \u00e0 partir d&rsquo;\u00e9l\u00e9ments de r\u00e9emploi, permettra d&rsquo;exp\u00e9rimenter d&rsquo;autres mani\u00e8res d&rsquo;habiter ces espaces. L&rsquo;installation sera accompagn\u00e9e d&rsquo;une trilogie de films consacr\u00e9e \u00e0 la vacance et au mal-logement.<\/p>\n<p class=\"ap-StoryElement ap-StoryElement--mb ap-StoryText\">Le projet doit enfin d\u00e9boucher sur un \u00ab\u00a0Pacte de Venise\u00a0\u00bb, manifeste collectif pour le droit au logement en Europe \u00e9labor\u00e9 par les commissaires et leurs partenaires juristes, \u00e9conomistes, architectes, et associatifs belges et europ\u00e9ens. Qui sera nourri tout au long des six mois des commentaires des visiteurs, ainsi que des d\u00e9bats issus des d\u00e9cideurs politiques, associations, architectes, universitaires, artistes et r\u00e9sidents invit\u00e9s \u00e0 cette 20e Biennale d&rsquo;architecture.<\/p>\n","protected":false},"excerpt":{"rendered":"Au d\u00e9part d&rsquo;un paradoxe Avec \u00ab\u00a0Domestiquer le bureau\u00a0\u00bb, l&rsquo;\u00e9quipe part d&rsquo;un paradoxe tr\u00e8s actuel : d&rsquo;un c\u00f4t\u00e9, des&hellip;\n","protected":false},"author":2,"featured_media":286585,"comment_status":"","ping_status":"","sticky":false,"template":"","format":"standard","meta":{"footnotes":"","_share_on_mastodon":"0"},"categories":[14],"tags":[155,156,113,14846,112,23],"class_list":["post-286584","post","type-post","status-publish","format-standard","has-post-thumbnail","category-arts-et-design","tag-arts-and-design","tag-arts-et-design","tag-divertissement","tag-elections-flandre","tag-entertainment","tag-suisse"],"share_on_mastodon":{"url":"https:\/\/pubeurope.com\/@ch_fr\/117197333177570548","error":""},"_links":{"self":[{"href":"https:\/\/www.europesays.com\/ch-fr\/wp-json\/wp\/v2\/posts\/286584","targetHints":{"allow":["GET"]}}],"collection":[{"href":"https:\/\/www.europesays.com\/ch-fr\/wp-json\/wp\/v2\/posts"}],"about":[{"href":"https:\/\/www.europesays.com\/ch-fr\/wp-json\/wp\/v2\/types\/post"}],"author":[{"embeddable":true,"href":"https:\/\/www.europesays.com\/ch-fr\/wp-json\/wp\/v2\/users\/2"}],"replies":[{"embeddable":true,"href":"https:\/\/www.europesays.com\/ch-fr\/wp-json\/wp\/v2\/comments?post=286584"}],"version-history":[{"count":0,"href":"https:\/\/www.europesays.com\/ch-fr\/wp-json\/wp\/v2\/posts\/286584\/revisions"}],"wp:featuredmedia":[{"embeddable":true,"href":"https:\/\/www.europesays.com\/ch-fr\/wp-json\/wp\/v2\/media\/286585"}],"wp:attachment":[{"href":"https:\/\/www.europesays.com\/ch-fr\/wp-json\/wp\/v2\/media?parent=286584"}],"wp:term":[{"taxonomy":"category","embeddable":true,"href":"https:\/\/www.europesays.com\/ch-fr\/wp-json\/wp\/v2\/categories?post=286584"},{"taxonomy":"post_tag","embeddable":true,"href":"https:\/\/www.europesays.com\/ch-fr\/wp-json\/wp\/v2\/tags?post=286584"}],"curies":[{"name":"wp","href":"https:\/\/api.w.org\/{rel}","templated":true}]}}