{"id":286612,"date":"2026-09-01T19:22:10","date_gmt":"2026-09-01T19:22:10","guid":{"rendered":"https:\/\/www.europesays.com\/ch-fr\/286612\/"},"modified":"2026-09-01T19:22:10","modified_gmt":"2026-09-01T19:22:10","slug":"miley-cyrus-a-abandonne-son-nom-de-famille-pour-la-promotion-de-son-nouvel-album","status":"publish","type":"post","link":"https:\/\/www.europesays.com\/ch-fr\/286612\/","title":{"rendered":"Miley Cyrus a abandonn\u00e9 son nom de famille pour la promotion de son nouvel album"},"content":{"rendered":"<p><img alt=\"Miley Cyrus - May 2026 - Getty Images - Hollywood Walk of Fame Star Ceremony\" loading=\"lazy\" width=\"100\" height=\"100\" decoding=\"async\" data-nimg=\"1\" class=\"rounded-lg\" style=\"color:transparent\" src=\"https:\/\/www.europesays.com\/ch-fr\/wp-content\/uploads\/2026\/09\/https:\/\/media.zenfs.com\/fr\/bang_showbiz_fr_articles_240\/eac22f9f87922c8f5edbef4cd3ca50dc.jpg\"\/><\/p>\n<p>Miley Cyrus &#8211; May 2026 &#8211; Getty Images &#8211; Hollywood Walk of Fame Star Ceremony<\/p>\n<p class=\"mb-4 text-lg md:leading-8 break-words\">Miley Cyrus a modifi\u00e9 ses pseudonymes sur les r\u00e9seaux sociaux pour n&rsquo;utiliser plus que \u00ab\u00a0Miley\u00a0\u00bb et a partag\u00e9 une nouvelle photo d&rsquo;elle-m\u00eame accompagn\u00e9e d&rsquo;une l\u00e9gende ne mentionnant que son pr\u00e9nom.<br \/>La chanteuse n&rsquo;a pas encore expliqu\u00e9 ce changement, mais celui-ci survient alors qu&rsquo;elle s&rsquo;appr\u00eate \u00e0 sortir son prochain album apr\u00e8s avoir sign\u00e9 un nouveau contrat avec Atlantic Records.<br \/>Miley n&rsquo;a pas encore annonc\u00e9 de date de sortie pour son dixi\u00e8me album, mais elle a r\u00e9cemment laiss\u00e9 entendre que celui-ci serait rempli de chansons d&rsquo;amour.<br \/>Lors d&rsquo;une interview accord\u00e9e \u00e0 l&rsquo;actrice Daryl Hannah pour le magazine Wonderland, Miley a expliqu\u00e9 : \u00ab\u00a0Cet album est une histoire d&rsquo;amour, mais les histoires d&rsquo;amour ne sont jamais unidimensionnelles. Elles comportent toujours plusieurs niveaux. Il y a sans aucun doute un fil conducteur romantique qui le traverse car, comme tous mes albums, il refl\u00e8te o\u00f9 j&rsquo;en suis dans ma vie.\u00a0\u00bb<\/p>\n","protected":false},"excerpt":{"rendered":"Miley Cyrus &#8211; May 2026 &#8211; Getty Images &#8211; Hollywood Walk of Fame Star Ceremony Miley Cyrus a&hellip;\n","protected":false},"author":2,"featured_media":286613,"comment_status":"","ping_status":"","sticky":false,"template":"","format":"standard","meta":{"footnotes":"","_share_on_mastodon":"0"},"categories":[12],"tags":[62211,62212,113,112,62210,4729,140,141,23,62209],"class_list":["post-286612","post","type-post","status-publish","format-standard","has-post-thumbnail","category-musique","tag-atlantic-records","tag-daryl-hannah","tag-divertissement","tag-entertainment","tag-hollywood-walk-of-fame","tag-miley-cyrus","tag-music","tag-musique","tag-suisse","tag-une-histoire-damour"],"share_on_mastodon":{"url":"https:\/\/pubeurope.com\/@ch_fr\/117197416404896757","error":""},"_links":{"self":[{"href":"https:\/\/www.europesays.com\/ch-fr\/wp-json\/wp\/v2\/posts\/286612","targetHints":{"allow":["GET"]}}],"collection":[{"href":"https:\/\/www.europesays.com\/ch-fr\/wp-json\/wp\/v2\/posts"}],"about":[{"href":"https:\/\/www.europesays.com\/ch-fr\/wp-json\/wp\/v2\/types\/post"}],"author":[{"embeddable":true,"href":"https:\/\/www.europesays.com\/ch-fr\/wp-json\/wp\/v2\/users\/2"}],"replies":[{"embeddable":true,"href":"https:\/\/www.europesays.com\/ch-fr\/wp-json\/wp\/v2\/comments?post=286612"}],"version-history":[{"count":0,"href":"https:\/\/www.europesays.com\/ch-fr\/wp-json\/wp\/v2\/posts\/286612\/revisions"}],"wp:featuredmedia":[{"embeddable":true,"href":"https:\/\/www.europesays.com\/ch-fr\/wp-json\/wp\/v2\/media\/286613"}],"wp:attachment":[{"href":"https:\/\/www.europesays.com\/ch-fr\/wp-json\/wp\/v2\/media?parent=286612"}],"wp:term":[{"taxonomy":"category","embeddable":true,"href":"https:\/\/www.europesays.com\/ch-fr\/wp-json\/wp\/v2\/categories?post=286612"},{"taxonomy":"post_tag","embeddable":true,"href":"https:\/\/www.europesays.com\/ch-fr\/wp-json\/wp\/v2\/tags?post=286612"}],"curies":[{"name":"wp","href":"https:\/\/api.w.org\/{rel}","templated":true}]}}