{"id":286636,"date":"2026-09-01T19:39:16","date_gmt":"2026-09-01T19:39:16","guid":{"rendered":"https:\/\/www.europesays.com\/ch-fr\/286636\/"},"modified":"2026-09-01T19:39:16","modified_gmt":"2026-09-01T19:39:16","slug":"explosion-de-vie-explosion-de-couleurs","status":"publish","type":"post","link":"https:\/\/www.europesays.com\/ch-fr\/286636\/","title":{"rendered":"Explosion de vie, explosion de couleurs"},"content":{"rendered":"<p>(NDLR\u00a0: Deux expositions en plein air sont \u00e0 visiter aux parcs Frigon et Girouard. Elles mettent en lumi\u00e8re le travail de la peintre Line Caron et celui de la photographe et po\u00e8te Karolann St-Amand. On peut les visiter jusqu\u2019en juillet 2027.)<\/p>\n<p>ARTS. On peut admirer 17\u00a0\u0153uvres de Line Caron en se promenant au parc Frigon. La peintre se r\u00e9v\u00e8le une experte de la couleur gr\u00e2ce \u00e0 un parcours atypique.<\/p>\n<p>Maquettiste, puis directrice d\u2019atelier au journal Le Courrier-Sud de Nicolet, travail en imprimerie\u2026 tout cela a nourri sa connaissance de la couleur et du beau.<\/p>\n<p>Tout a commenc\u00e9 lorsque Line Caron assiste \u00e0 une activit\u00e9, dans le cadre de son travail. Il s\u2019agit de peindre. Coup de foudre! \u00abJe suis revenue de l\u00e0, c\u2019\u00e9tait en 2016, je me suis \u00e9quip\u00e9e et je n\u2019ai jamais arr\u00eat\u00e9\u00bb. De fil en aiguille, c\u2019est un peu comme si toutes ses exp\u00e9riences de vie l\u2019avaient men\u00e9e \u00e0 la peinture.<\/p>\n<p><img loading=\"lazy\" decoding=\"async\" class=\" wp-image-328582\" src=\"https:\/\/www.europesays.com\/ch-fr\/wp-content\/uploads\/2026\/09\/IMG_0358-703x962.jpeg\" alt=\"\" width=\"353\" height=\"483\"  \/>D\u00e9tail d\u2019une oeuvre de Line Caron. (Photo : Claude-H\u00e9l\u00e8ne Desrosiers)<\/p>\n<p>Ce qui l\u2019anime, ce sont les couleurs. \u00abMoi, ce sont les couleurs qui m\u2019habitent. J\u2019ai besoin de faire \u00e9clater du bleu \u00e0 c\u00f4t\u00e9 du rouge. Dans l\u2019abstrait, je trouve mon compte\u00bb, confie-t-elle lors d\u2019un entretien avec L\u2019Express.<\/p>\n<p>Line Caron affectionne les grands formats. \u00abJe m\u2019exprime largement\u00bb, image-t-elle.<\/p>\n<p>Quand la Ville de Drummondville et son service des arts l\u2019ont invit\u00e9e \u00e0 exposer ses \u0153uvres au parc Frigon, elle \u00e9tait enchant\u00e9e.<\/p>\n<p>Puis, lorsqu\u2019elle a vu ses \u0153uvres sur les grands panneaux ext\u00e9rieurs, elle a pleur\u00e9. \u00abC\u2019est fou. C\u2019est plus gros que l\u2019original, la qualit\u00e9 d\u2019impression m\u2019a jet\u00e9e par terre. C\u2019est vraiment impressionnant. C\u2019est l\u2019honneur d\u2019une vie\u00bb.<\/p>\n<p>Des gens l\u2019ont contact\u00e9e pour lui dire \u00e0 quel point ils appr\u00e9ciaient cette explosion de couleurs dans le parc. Les gens du quartier semblent s\u2019approprier les \u0153uvres qui sont devenues de l\u2019art public.<\/p>\n<p>De son c\u00f4t\u00e9, Line Caron rayonne. \u00abJe ne veux jamais arr\u00eater de peindre\u00bb, conclut-elle en souriant.<\/p>\n<p>\u00a0<\/p>\n<p>\u00c0 lire \u00e9galement : <a href=\"https:\/\/www.journalexpress.ca\/culture\/les-fragments-habites-de-karolann-st-amand\/\" rel=\"nofollow noopener\" target=\"_blank\">Les fragments habit\u00e9s de Karolann St-Amand<\/a><\/p>\n","protected":false},"excerpt":{"rendered":"(NDLR\u00a0: Deux expositions en plein air sont \u00e0 visiter aux parcs Frigon et Girouard. Elles mettent en lumi\u00e8re&hellip;\n","protected":false},"author":2,"featured_media":286637,"comment_status":"","ping_status":"","sticky":false,"template":"","format":"standard","meta":{"footnotes":"","_share_on_mastodon":"0"},"categories":[14],"tags":[62213,14853,62214,40734,155,156,1765,62215,62216,113,33628,112,209,62217,62218,62219,62220,7286,58718,6116,23,38173,62221],"class_list":["post-286636","post","type-post","status-publish","format-standard","has-post-thumbnail","category-arts-et-design","tag-acrylique","tag-art-abstrait","tag-art-public","tag-artiste-peintre","tag-arts-and-design","tag-arts-et-design","tag-couleurs","tag-couleurs-chaudes","tag-couleurs-froides","tag-divertissement","tag-drummondville","tag-entertainment","tag-exposition","tag-imprimerie","tag-le-courrier-sud","tag-line-caron","tag-parc-frigon","tag-peintre","tag-peinture-acrylique","tag-photographe","tag-suisse","tag-toiles","tag-toiles-grand-format"],"share_on_mastodon":{"url":"https:\/\/pubeurope.com\/@ch_fr\/117197482866603089","error":""},"_links":{"self":[{"href":"https:\/\/www.europesays.com\/ch-fr\/wp-json\/wp\/v2\/posts\/286636","targetHints":{"allow":["GET"]}}],"collection":[{"href":"https:\/\/www.europesays.com\/ch-fr\/wp-json\/wp\/v2\/posts"}],"about":[{"href":"https:\/\/www.europesays.com\/ch-fr\/wp-json\/wp\/v2\/types\/post"}],"author":[{"embeddable":true,"href":"https:\/\/www.europesays.com\/ch-fr\/wp-json\/wp\/v2\/users\/2"}],"replies":[{"embeddable":true,"href":"https:\/\/www.europesays.com\/ch-fr\/wp-json\/wp\/v2\/comments?post=286636"}],"version-history":[{"count":0,"href":"https:\/\/www.europesays.com\/ch-fr\/wp-json\/wp\/v2\/posts\/286636\/revisions"}],"wp:featuredmedia":[{"embeddable":true,"href":"https:\/\/www.europesays.com\/ch-fr\/wp-json\/wp\/v2\/media\/286637"}],"wp:attachment":[{"href":"https:\/\/www.europesays.com\/ch-fr\/wp-json\/wp\/v2\/media?parent=286636"}],"wp:term":[{"taxonomy":"category","embeddable":true,"href":"https:\/\/www.europesays.com\/ch-fr\/wp-json\/wp\/v2\/categories?post=286636"},{"taxonomy":"post_tag","embeddable":true,"href":"https:\/\/www.europesays.com\/ch-fr\/wp-json\/wp\/v2\/tags?post=286636"}],"curies":[{"name":"wp","href":"https:\/\/api.w.org\/{rel}","templated":true}]}}